{"id":644,"date":"2025-01-29T22:05:41","date_gmt":"2025-01-30T01:05:41","guid":{"rendered":"https:\/\/centronoticias.com.ar\/portal\/?p=644"},"modified":"2025-01-29T22:05:42","modified_gmt":"2025-01-30T01:05:42","slug":"la-femer-suspendio-la-prestacion-medica-a-los-afiliados-del-iosper","status":"publish","type":"post","link":"https:\/\/centronoticias.com.ar\/portal\/la-femer-suspendio-la-prestacion-medica-a-los-afiliados-del-iosper\/","title":{"rendered":"La Femer suspendi\u00f3 la prestaci\u00f3n m\u00e9dica a los afiliados del Iosper"},"content":{"rendered":"\n<p style=\"font-size:24px\">La decisi\u00f3n se debe a que &#8220;no se ha obtenido respuesta&#8221; tras la presentaci\u00f3n de Carta de Documento por haberes vencidos e impagos correspondientes a prestaciones m\u00e9dicas prestadas en noviembre del 2024 y generados en internaci\u00f3n durante octubre y noviembre del mismo a\u00f1o.<\/p>\n\n\n\n<p style=\"font-size:24px\">La Federaci\u00f3n M\u00e9dica de Entre R\u00edos decidi\u00f3 suspender las prestaci\u00f3n de servicios m\u00e9dicos a afiliados del Iosper. La medida tomada este mi\u00e9rcoles proviene de \u201cno obtener respuesta alguna a nuestro reclamo de pag\u00f3 en termino, actualizaci\u00f3n arancelaria e implementaci\u00f3n de nomencladores por especialidad\u201d.<\/p>\n\n\n\n<p style=\"font-size:24px\">Previamente, este martes la Entidad m\u00e9dica hab\u00eda presentado una Carta Documento a la Obra Social debido a que las prestaciones ambulatorias brindadas en noviembre del 2024 asi como las generadas en internaci\u00f3n en octubre y noviembre del mismo a\u00f1o no fueron abonadas al d\u00eda de la fecha.<\/p>\n\n\n\n<p style=\"font-size:24px\">Cabe mencionar que el pasado 14 de enero, representantes de la Entidad m\u00e9dica hab\u00edan tenido un encuentro con las autoridades interventoras del Iosper y advirtieron \u201cun nuevo deterioro de las condiciones de retribuci\u00f3n y pago del trabajo m\u00e9dico\u201d.<\/p>\n\n\n\n<p style=\"font-size:24px\">Esas declaraciones se debieron a que en la reuni\u00f3n, las autoridades interventoras le anunciaron el no otorgamiento de la recomposici\u00f3n arancelaria solicitada ni la ofrecida por la gesti\u00f3n anterior; abonar el 50% de los honorarios de noviembre al fin de enero; entre otros puntos.<\/p>\n\n\n\n<p style=\"font-size:24px\">Cr\u00e9dito: APFDigital.&nbsp;<\/p>\n","protected":false},"excerpt":{"rendered":"<p>La decisi\u00f3n se debe a que &#8220;no se ha obtenido respuesta&#8221; tras la presentaci\u00f3n de&#8230;<\/p>\n","protected":false},"author":3,"featured_media":645,"comment_status":"closed","ping_status":"open","sticky":false,"template":"","format":"standard","meta":{"footnotes":""},"categories":[30],"tags":[],"class_list":["post-644","post","type-post","status-publish","format-standard","has-post-thumbnail","hentry","category-intgen"],"featured_image_urls":{"full":["https:\/\/centronoticias.com.ar\/portal\/wp-content\/uploads\/2025\/01\/femer-001.jpg",713,597,false],"thumbnail":["https:\/\/centronoticias.com.ar\/portal\/wp-content\/uploads\/2025\/01\/femer-001-150x150.jpg",150,150,true],"medium":["https:\/\/centronoticias.com.ar\/portal\/wp-content\/uploads\/2025\/01\/femer-001-300x251.jpg",300,251,true],"medium_large":["https:\/\/centronoticias.com.ar\/portal\/wp-content\/uploads\/2025\/01\/femer-001.jpg",640,536,false],"large":["https:\/\/centronoticias.com.ar\/portal\/wp-content\/uploads\/2025\/01\/femer-001.jpg",640,536,false],"1536x1536":["https:\/\/centronoticias.com.ar\/portal\/wp-content\/uploads\/2025\/01\/femer-001.jpg",713,597,false],"2048x2048":["https:\/\/centronoticias.com.ar\/portal\/wp-content\/uploads\/2025\/01\/femer-001.jpg",713,597,false],"covernews-slider-full":["https:\/\/centronoticias.com.ar\/portal\/wp-content\/uploads\/2025\/01\/femer-001.jpg",713,597,false],"covernews-slider-center":["https:\/\/centronoticias.com.ar\/portal\/wp-content\/uploads\/2025\/01\/femer-001-713x500.jpg",713,500,true],"covernews-featured":["https:\/\/centronoticias.com.ar\/portal\/wp-content\/uploads\/2025\/01\/femer-001.jpg",713,597,false],"covernews-medium":["https:\/\/centronoticias.com.ar\/portal\/wp-content\/uploads\/2025\/01\/femer-001-540x340.jpg",540,340,true],"covernews-medium-square":["https:\/\/centronoticias.com.ar\/portal\/wp-content\/uploads\/2025\/01\/femer-001-400x250.jpg",400,250,true]},"author_info":{"info":["Roberto Jourd\u00e1n"]},"category_info":"<a href=\"https:\/\/centronoticias.com.ar\/portal\/category\/intgen\/\" rel=\"category tag\">Inter\u00e9s General<\/a>","tag_info":"Inter\u00e9s General","comment_count":"0","_links":{"self":[{"href":"https:\/\/centronoticias.com.ar\/portal\/wp-json\/wp\/v2\/posts\/644","targetHints":{"allow":["GET"]}}],"collection":[{"href":"https:\/\/centronoticias.com.ar\/portal\/wp-json\/wp\/v2\/posts"}],"about":[{"href":"https:\/\/centronoticias.com.ar\/portal\/wp-json\/wp\/v2\/types\/post"}],"author":[{"embeddable":true,"href":"https:\/\/centronoticias.com.ar\/portal\/wp-json\/wp\/v2\/users\/3"}],"replies":[{"embeddable":true,"href":"https:\/\/centronoticias.com.ar\/portal\/wp-json\/wp\/v2\/comments?post=644"}],"version-history":[{"count":1,"href":"https:\/\/centronoticias.com.ar\/portal\/wp-json\/wp\/v2\/posts\/644\/revisions"}],"predecessor-version":[{"id":646,"href":"https:\/\/centronoticias.com.ar\/portal\/wp-json\/wp\/v2\/posts\/644\/revisions\/646"}],"wp:featuredmedia":[{"embeddable":true,"href":"https:\/\/centronoticias.com.ar\/portal\/wp-json\/wp\/v2\/media\/645"}],"wp:attachment":[{"href":"https:\/\/centronoticias.com.ar\/portal\/wp-json\/wp\/v2\/media?parent=644"}],"wp:term":[{"taxonomy":"category","embeddable":true,"href":"https:\/\/centronoticias.com.ar\/portal\/wp-json\/wp\/v2\/categories?post=644"},{"taxonomy":"post_tag","embeddable":true,"href":"https:\/\/centronoticias.com.ar\/portal\/wp-json\/wp\/v2\/tags?post=644"}],"curies":[{"name":"wp","href":"https:\/\/api.w.org\/{rel}","templated":true}]}}