{"id":6299,"date":"2025-11-01T08:39:40","date_gmt":"2025-11-01T11:39:40","guid":{"rendered":"https:\/\/centronoticias.com.ar\/portal\/?p=6299"},"modified":"2025-11-01T11:18:29","modified_gmt":"2025-11-01T14:18:29","slug":"entre-rios-reforzo-la-prevencion-del-cancer-de-mama-con-acciones-durante-todo-el-mes","status":"publish","type":"post","link":"https:\/\/centronoticias.com.ar\/portal\/entre-rios-reforzo-la-prevencion-del-cancer-de-mama-con-acciones-durante-todo-el-mes\/","title":{"rendered":"Entre R\u00edos reforz\u00f3 la prevenci\u00f3n del c\u00e1ncer de mama con acciones durante todo el mes"},"content":{"rendered":"\n<p class=\"has-medium-font-size\"><strong>Octubre es el mes de concientizaci\u00f3n sobre la lucha contra el c\u00e1ncer de mama. En este marco, el Ministerio de Salud de Entre R\u00edos, a trav\u00e9s del Instituto Provincial del C\u00e1ncer (IPC), junto a hospitales y centros de salud, realiz\u00f3 una serie de actividades para promover el acceso a controles tempranos.<\/strong><\/p>\n\n\n\n<p class=\"has-medium-font-size\">Con el objetivo de desarrollar acciones de sensibilizaci\u00f3n y concientizaci\u00f3n durante todo el mes, diversos establecimientos de salud de la provincia se sumaron a la iniciativa Octubre Rosa y diagramaron una agenda con actividades para la detecci\u00f3n precoz y el tratamiento oportuno en el abordaje de esta patolog\u00eda.&nbsp;&nbsp;<\/p>\n\n\n\n<p class=\"has-medium-font-size\">En este marco, el hospital San Mart\u00edn de Paran\u00e1 efectu\u00f3 una jornada de prevenci\u00f3n en la Plaza S\u00e1enz Pe\u00f1a de la capital provincial, en la que se realizaron controles de salud; mientras que el Delicia Concepci\u00f3n Masvernat de Concordia llev\u00f3 adelante charlas de concientizaci\u00f3n destinadas a la comunidad. Adem\u00e1s, todos los viernes de octubre se realizaron mamograf\u00edas sin turno previo a mujeres mayores de 35 a\u00f1os.<\/p>\n\n\n\n<p class=\"has-medium-font-size\">Por su parte, agentes sanitarios del Santa Rosa de Chajar\u00ed impulsaron la campa\u00f1a &#8220;Abr\u00ed el paraguas, chequeate&#8221;, dedicado a reflexionar, hablar y actuar sobre prevenci\u00f3n y detecci\u00f3n temprana del c\u00e1ncer de mama. En tanto, el Hospital Vecinal San Mart\u00edn y los centros de salud Sur y Norte (municipales) de Hernandarias, organizaron una actividad conjunta que implic\u00f3 salidas a terreno para brindar informaci\u00f3n y herramientas de prevenci\u00f3n, a cargo de agentes sanitarios y especialistas en Obstetricia y Nutrici\u00f3n.<\/p>\n\n\n\n<p class=\"has-medium-font-size\">El Hospital Francisco Ram\u00edrez de Feliciano fue anfitri\u00f3n de la Jornada Virtual Octubre Rosa &#8211; ALAMO, junto a la Asociaci\u00f3n Latinoamericana de Mujeres en la Oncolog\u00eda. En esta oportunidad, se trat\u00f3 de una charla realizada v\u00eda Zoom, que tuvo como prop\u00f3sito llegar a comunidades rurales y centros de salud sin especialistas, compartiendo herramientas pr\u00e1cticas para la detecci\u00f3n temprana, el seguimiento y el manejo del c\u00e1ncer.&nbsp;<\/p>\n\n\n\n<p class=\"has-medium-font-size\">Asimismo, el Hospital San Blas de Nogoy\u00e1, junto a la Escuela Normal Superior Dr. Antonio Sagarna y la Tecnicatura Superior en Enfermer\u00eda, efectu\u00f3 un encuentro sobre cuidados y prevenci\u00f3n, destinado a estudiantes de Enfermer\u00eda y personal de salud de la comunidad; mientras que el 9 de Julio de La Paz, junto a la Direcci\u00f3n de Salud Municipal, el Instituto Superior de Formaci\u00f3n Docente &#8220;Profesor Rogelio Leites&#8221; y el programa de Agentes Sanitarios y Promotores Comunitarios organiz\u00f3 una caminata por las calles de la ciudad, que inici\u00f3 en el puerto local&nbsp; y finaliz\u00f3 en la plaza central con una clase de zumba. En el trayecto se difundi\u00f3 un mensaje orientado al diagn\u00f3stico temprano de la patolog\u00eda mamaria.<\/p>\n\n\n\n<p class=\"has-medium-font-size\">Actividades en centros de salud<\/p>\n\n\n\n<p class=\"has-medium-font-size\">El centro de salud Humberto D\u00bfAngelo de Paran\u00e1 realiz\u00f3 una &#8220;Barrileteada rosa&#8221; a fin crear un espacio que pueda propiciar la recreaci\u00f3n, el juego y la sensibilizaci\u00f3n entre los participantes, mientras que el Tardelli de Puerto Curtiembre plant\u00f3 un \u00e1rbol para generar conciencia sobre el c\u00e1ncer de mama.&nbsp;<\/p>\n\n\n\n<p class=\"has-medium-font-size\">Tambi\u00e9n cabe destacar la caminata rosa organizada por los centros de salud de Sauce Montrull, San Benito, Colonia Avellaneda y La Picada que se realiz\u00f3 el pasado 10 de octubre y cont\u00f3 con la participaci\u00f3n del equipo de la Direcci\u00f3n de Calidad en Salud y el Departamento Capacitaci\u00f3n y Docencia de la cartera sanitaria.&nbsp;<\/p>\n\n\n\n<p class=\"has-medium-font-size\">Asimismo, otros establecimientos de atenci\u00f3n primaria se sumaron a la iniciativa realizando charlas informativas, controles m\u00e9dicos, entregas de lazos rosas, entre otras actividades de inter\u00e9s para crear conciencia sobre la importancia de la prevenci\u00f3n, detecci\u00f3n temprana y diagn\u00f3stico oportuno.<\/p>\n","protected":false},"excerpt":{"rendered":"<p>Octubre es el mes de concientizaci\u00f3n sobre la lucha contra el c\u00e1ncer de mama. En&#8230;<\/p>\n","protected":false},"author":3,"featured_media":6300,"comment_status":"closed","ping_status":"open","sticky":false,"template":"","format":"standard","meta":{"footnotes":""},"categories":[21],"tags":[],"class_list":["post-6299","post","type-post","status-publish","format-standard","has-post-thumbnail","hentry","category-provinciales"],"featured_image_urls":{"full":["https:\/\/centronoticias.com.ar\/portal\/wp-content\/uploads\/2025\/11\/octubre-rosa.jpg",1024,682,false],"thumbnail":["https:\/\/centronoticias.com.ar\/portal\/wp-content\/uploads\/2025\/11\/octubre-rosa-150x150.jpg",150,150,true],"medium":["https:\/\/centronoticias.com.ar\/portal\/wp-content\/uploads\/2025\/11\/octubre-rosa-300x200.jpg",300,200,true],"medium_large":["https:\/\/centronoticias.com.ar\/portal\/wp-content\/uploads\/2025\/11\/octubre-rosa-768x512.jpg",640,427,true],"large":["https:\/\/centronoticias.com.ar\/portal\/wp-content\/uploads\/2025\/11\/octubre-rosa.jpg",640,426,false],"1536x1536":["https:\/\/centronoticias.com.ar\/portal\/wp-content\/uploads\/2025\/11\/octubre-rosa.jpg",1024,682,false],"2048x2048":["https:\/\/centronoticias.com.ar\/portal\/wp-content\/uploads\/2025\/11\/octubre-rosa.jpg",1024,682,false],"covernews-slider-full":["https:\/\/centronoticias.com.ar\/portal\/wp-content\/uploads\/2025\/11\/octubre-rosa.jpg",1024,682,false],"covernews-slider-center":["https:\/\/centronoticias.com.ar\/portal\/wp-content\/uploads\/2025\/11\/octubre-rosa-800x500.jpg",800,500,true],"covernews-featured":["https:\/\/centronoticias.com.ar\/portal\/wp-content\/uploads\/2025\/11\/octubre-rosa.jpg",1024,682,false],"covernews-medium":["https:\/\/centronoticias.com.ar\/portal\/wp-content\/uploads\/2025\/11\/octubre-rosa-540x340.jpg",540,340,true],"covernews-medium-square":["https:\/\/centronoticias.com.ar\/portal\/wp-content\/uploads\/2025\/11\/octubre-rosa-400x250.jpg",400,250,true]},"author_info":{"info":["Roberto Jourd\u00e1n"]},"category_info":"<a href=\"https:\/\/centronoticias.com.ar\/portal\/category\/provinciales\/\" rel=\"category tag\">Provinciales<\/a>","tag_info":"Provinciales","comment_count":"0","_links":{"self":[{"href":"https:\/\/centronoticias.com.ar\/portal\/wp-json\/wp\/v2\/posts\/6299","targetHints":{"allow":["GET"]}}],"collection":[{"href":"https:\/\/centronoticias.com.ar\/portal\/wp-json\/wp\/v2\/posts"}],"about":[{"href":"https:\/\/centronoticias.com.ar\/portal\/wp-json\/wp\/v2\/types\/post"}],"author":[{"embeddable":true,"href":"https:\/\/centronoticias.com.ar\/portal\/wp-json\/wp\/v2\/users\/3"}],"replies":[{"embeddable":true,"href":"https:\/\/centronoticias.com.ar\/portal\/wp-json\/wp\/v2\/comments?post=6299"}],"version-history":[{"count":1,"href":"https:\/\/centronoticias.com.ar\/portal\/wp-json\/wp\/v2\/posts\/6299\/revisions"}],"predecessor-version":[{"id":6301,"href":"https:\/\/centronoticias.com.ar\/portal\/wp-json\/wp\/v2\/posts\/6299\/revisions\/6301"}],"wp:featuredmedia":[{"embeddable":true,"href":"https:\/\/centronoticias.com.ar\/portal\/wp-json\/wp\/v2\/media\/6300"}],"wp:attachment":[{"href":"https:\/\/centronoticias.com.ar\/portal\/wp-json\/wp\/v2\/media?parent=6299"}],"wp:term":[{"taxonomy":"category","embeddable":true,"href":"https:\/\/centronoticias.com.ar\/portal\/wp-json\/wp\/v2\/categories?post=6299"},{"taxonomy":"post_tag","embeddable":true,"href":"https:\/\/centronoticias.com.ar\/portal\/wp-json\/wp\/v2\/tags?post=6299"}],"curies":[{"name":"wp","href":"https:\/\/api.w.org\/{rel}","templated":true}]}}