{"id":6246,"date":"2025-10-28T20:40:48","date_gmt":"2025-10-28T23:40:48","guid":{"rendered":"https:\/\/centronoticias.com.ar\/portal\/?p=6246"},"modified":"2025-10-29T08:52:29","modified_gmt":"2025-10-29T11:52:29","slug":"estudiantes-sansalvadorenos-participaran-en-la-fase-cientifica-de-la-feria-nacional-de-educacion","status":"publish","type":"post","link":"https:\/\/centronoticias.com.ar\/portal\/estudiantes-sansalvadorenos-participaran-en-la-fase-cientifica-de-la-feria-nacional-de-educacion\/","title":{"rendered":"Estudiantes sansalvadore\u00f1os participar\u00e1n en la fase cient\u00edfica de la Feria Nacional de Educaci\u00f3n"},"content":{"rendered":"\n<p class=\"has-medium-font-size\">Se trata de un proyecto del Colegio Luterano &#8220;El Redentor&#8221; de nuestra ciudad.<\/p>\n\n\n\n<p class=\"has-medium-font-size\">Los estudiantes sansalvadore\u00f1os son Cabrera Julieta y Muller Blanc Lorenzo, llegaron al nacional gracias a su proyecto \u00bfCu\u00e1nta agua hay en tu camiseta? El proyecto es interdisciplinario de varias materias, pero fundamentalmente coordinado por la Prof. Ana Laura Mart\u00edn, que se encuentra junto a los chicos en el Centro de Convenciones de Cafayate, Salta.<\/p>\n\n\n\n<figure class=\"wp-block-image size-large\"><a href=\"https:\/\/centronoticias.com.ar\/portal\/wp-content\/uploads\/2025\/10\/col-luterano-en-salta.jpg\"><img decoding=\"async\" width=\"1024\" height=\"576\" src=\"https:\/\/centronoticias.com.ar\/portal\/wp-content\/uploads\/2025\/10\/col-luterano-en-salta-1024x576.jpg\" alt=\"\" class=\"wp-image-6261\" srcset=\"https:\/\/centronoticias.com.ar\/portal\/wp-content\/uploads\/2025\/10\/col-luterano-en-salta-1024x576.jpg 1024w, https:\/\/centronoticias.com.ar\/portal\/wp-content\/uploads\/2025\/10\/col-luterano-en-salta-300x169.jpg 300w, https:\/\/centronoticias.com.ar\/portal\/wp-content\/uploads\/2025\/10\/col-luterano-en-salta-768x432.jpg 768w, https:\/\/centronoticias.com.ar\/portal\/wp-content\/uploads\/2025\/10\/col-luterano-en-salta.jpg 1280w\" sizes=\"(max-width: 1024px) 100vw, 1024px\" \/><\/a><\/figure>\n\n\n\n<p class=\"has-medium-font-size\">Del mi\u00e9rcoles al viernes, estudiantes y docentes representar\u00e1n a la provincia en la fase cient\u00edfica de la Feria Nacional de Educaci\u00f3n, Artes, Ciencias y Tecnolog\u00eda 2025, que se desarrollar\u00e1 en la ciudad de Cafayate, Salta.<\/p>\n\n\n\n<p class=\"has-medium-font-size\">Los cuatro proyectos de &nbsp;Entre R\u00edos fueron seleccionados para participar en esta instancia nacional, luego de superar las etapas escolares y regionales que reunieron m\u00e1s de mil trabajos provenientes de diferentes niveles y modalidades del sistema educativo provincial. Las propuestas fueron elegidas por su calidad cient\u00edfica, su aporte al conocimiento y su potencial para generar impacto educativo y social.<br><br>&nbsp;<\/p>\n\n\n\n<p class=\"has-medium-font-size\">Los proyectos destacados que representar\u00e1n son Una mirada que transforma, de la Escuela Privada N\u00ba 133 Nazareth de Gualeguaych\u00fa; Puentes culturales, de la Escuela Primaria N\u00ba 1 Vicente L\u00f3pez y Planes de Federal; \u00bfCu\u00e1nta agua hay en tu camiseta?, del Instituto Privado D-254 El Redentor de San Salvador; y Lolium perenne como fibra textil&#8221;, del Instituto Privado D-243 Prof. Jos\u00e9 Mar\u00eda R. Gelos de Gualeguaych\u00fa. Cada uno de ellos aborda problem\u00e1ticas ambientales, culturales y sociales desde una mirada cient\u00edfica y comprometida.<br><br>&nbsp;<\/p>\n\n\n\n<p class=\"has-medium-font-size\">La Feria Nacional es organizada por la Secretar\u00eda de Educaci\u00f3n del Ministerio de Capital Humano de la Naci\u00f3n, en articulaci\u00f3n con el Ministerio de Educaci\u00f3n, Ciencia y Tecnolog\u00eda de Salta, a trav\u00e9s de la Subsecretar\u00eda de Educaci\u00f3n y el Programa de Popularizaci\u00f3n de la Ciencia y la Tecnolog\u00eda (Propacyt). La iniciativa busca promover el aprendizaje significativo y la curiosidad cient\u00edfica entre ni\u00f1os, adolescentes y docentes de todo el pa\u00eds.<br><br>&nbsp;<\/p>\n\n\n\n<p class=\"has-medium-font-size\">Adem\u00e1s, Entre R\u00edos participar\u00e1 en dos propuestas complementarias. En primer lugar, en el desaf\u00edo educativo, con la dupla docente-estudiante de la Escuela Primaria N\u00ba 76 Soldado J. H. G\u00f3mez de Gualeguay. Esta instancia, destinada a estudiantes del segundo ciclo de nivel primario, se centrar\u00e1 en la tem\u00e1tica de La Energ\u00eda, promoviendo la reflexi\u00f3n sobre el uso responsable y sostenible de los recursos energ\u00e9ticos.<br><br>&nbsp;<\/p>\n\n\n\n<p class=\"has-medium-font-size\">La segunda participaci\u00f3n ser\u00e1 en el Proyecto Tem\u00e1tico, cuya l\u00ednea de investigaci\u00f3n para Nivel Inicial es Biodiversidad y cuidado del ambiente. En esta categor\u00eda, la provincia estar\u00e1 representada por la propuesta &#8220;El carpincho y el lugar donde vive&#8221;, elaborada por la Escuela Primaria N\u00ba 9 Brigadier General Justo Jos\u00e9 de Urquiza de Aldea Brasilera, departamento Diamante. Este trabajo invita a los m\u00e1s peque\u00f1os a descubrir y valorar la fauna aut\u00f3ctona entrerriana y su entorno natural.<br>&nbsp;<\/p>\n\n\n\n<p class=\"has-medium-font-size\">La delegaci\u00f3n entrerriana participar\u00e1 de la Feria acompa\u00f1ada por el equipo de la Coordinaci\u00f3n de Ciencia, Tecnolog\u00eda e Innovaci\u00f3n Pedag\u00f3gica del Consejo General de Educaci\u00f3n (CGE), quienes destacaron que un rol clave dentro de la Feria es el de los docentes evaluadores, quienes realizan una mirada integral y formativa de los proyectos. En esta oportunidad, acompa\u00f1ar\u00e1n a la referente provincial de Evaluaci\u00f3n, Roc\u00edo Zapata, las profesoras Melisa N\u00fa\u00f1ez de Nogoy\u00e1, Elizabeth Lehner de Mar\u00eda Grande e Ivana P\u00e9ndola de San Jos\u00e9. Su tarea ser\u00e1 valorar los proyectos de otras provincias y formar parte de la Comisi\u00f3n Nacional, garantizando la transparencia y la calidad educativa del proceso.<\/p>\n\n\n\n<p class=\"has-medium-font-size\"><br><br>Este encuentro constituye uno de los espacios federales m\u00e1s importantes de intercambio pedag\u00f3gico del pa\u00eds, promoviendo la creatividad, la investigaci\u00f3n y el trabajo colaborativo entre escuelas de todas las jurisdicciones.<\/p>\n","protected":false},"excerpt":{"rendered":"<p>Se trata de un proyecto del Colegio Luterano &#8220;El Redentor&#8221; de nuestra ciudad. Los estudiantes&#8230;<\/p>\n","protected":false},"author":3,"featured_media":6254,"comment_status":"closed","ping_status":"open","sticky":false,"template":"","format":"standard","meta":{"footnotes":""},"categories":[36,21],"tags":[],"class_list":["post-6246","post","type-post","status-publish","format-standard","has-post-thumbnail","hentry","category-educacion","category-provinciales"],"featured_image_urls":{"full":["https:\/\/centronoticias.com.ar\/portal\/wp-content\/uploads\/2025\/10\/col-luterano-feria-educ.jpg",955,986,false],"thumbnail":["https:\/\/centronoticias.com.ar\/portal\/wp-content\/uploads\/2025\/10\/col-luterano-feria-educ-150x150.jpg",150,150,true],"medium":["https:\/\/centronoticias.com.ar\/portal\/wp-content\/uploads\/2025\/10\/col-luterano-feria-educ-291x300.jpg",291,300,true],"medium_large":["https:\/\/centronoticias.com.ar\/portal\/wp-content\/uploads\/2025\/10\/col-luterano-feria-educ-768x793.jpg",640,661,true],"large":["https:\/\/centronoticias.com.ar\/portal\/wp-content\/uploads\/2025\/10\/col-luterano-feria-educ.jpg",640,661,false],"1536x1536":["https:\/\/centronoticias.com.ar\/portal\/wp-content\/uploads\/2025\/10\/col-luterano-feria-educ.jpg",955,986,false],"2048x2048":["https:\/\/centronoticias.com.ar\/portal\/wp-content\/uploads\/2025\/10\/col-luterano-feria-educ.jpg",955,986,false],"covernews-slider-full":["https:\/\/centronoticias.com.ar\/portal\/wp-content\/uploads\/2025\/10\/col-luterano-feria-educ-955x715.jpg",955,715,true],"covernews-slider-center":["https:\/\/centronoticias.com.ar\/portal\/wp-content\/uploads\/2025\/10\/col-luterano-feria-educ-800x500.jpg",800,500,true],"covernews-featured":["https:\/\/centronoticias.com.ar\/portal\/wp-content\/uploads\/2025\/10\/col-luterano-feria-educ.jpg",955,986,false],"covernews-medium":["https:\/\/centronoticias.com.ar\/portal\/wp-content\/uploads\/2025\/10\/col-luterano-feria-educ-540x340.jpg",540,340,true],"covernews-medium-square":["https:\/\/centronoticias.com.ar\/portal\/wp-content\/uploads\/2025\/10\/col-luterano-feria-educ-400x250.jpg",400,250,true]},"author_info":{"info":["Roberto Jourd\u00e1n"]},"category_info":"<a href=\"https:\/\/centronoticias.com.ar\/portal\/category\/educacion\/\" rel=\"category tag\">Educaci\u00f3n<\/a> <a href=\"https:\/\/centronoticias.com.ar\/portal\/category\/provinciales\/\" rel=\"category tag\">Provinciales<\/a>","tag_info":"Provinciales","comment_count":"0","_links":{"self":[{"href":"https:\/\/centronoticias.com.ar\/portal\/wp-json\/wp\/v2\/posts\/6246","targetHints":{"allow":["GET"]}}],"collection":[{"href":"https:\/\/centronoticias.com.ar\/portal\/wp-json\/wp\/v2\/posts"}],"about":[{"href":"https:\/\/centronoticias.com.ar\/portal\/wp-json\/wp\/v2\/types\/post"}],"author":[{"embeddable":true,"href":"https:\/\/centronoticias.com.ar\/portal\/wp-json\/wp\/v2\/users\/3"}],"replies":[{"embeddable":true,"href":"https:\/\/centronoticias.com.ar\/portal\/wp-json\/wp\/v2\/comments?post=6246"}],"version-history":[{"count":2,"href":"https:\/\/centronoticias.com.ar\/portal\/wp-json\/wp\/v2\/posts\/6246\/revisions"}],"predecessor-version":[{"id":6262,"href":"https:\/\/centronoticias.com.ar\/portal\/wp-json\/wp\/v2\/posts\/6246\/revisions\/6262"}],"wp:featuredmedia":[{"embeddable":true,"href":"https:\/\/centronoticias.com.ar\/portal\/wp-json\/wp\/v2\/media\/6254"}],"wp:attachment":[{"href":"https:\/\/centronoticias.com.ar\/portal\/wp-json\/wp\/v2\/media?parent=6246"}],"wp:term":[{"taxonomy":"category","embeddable":true,"href":"https:\/\/centronoticias.com.ar\/portal\/wp-json\/wp\/v2\/categories?post=6246"},{"taxonomy":"post_tag","embeddable":true,"href":"https:\/\/centronoticias.com.ar\/portal\/wp-json\/wp\/v2\/tags?post=6246"}],"curies":[{"name":"wp","href":"https:\/\/api.w.org\/{rel}","templated":true}]}}