{"id":6243,"date":"2025-10-28T20:11:57","date_gmt":"2025-10-28T23:11:57","guid":{"rendered":"https:\/\/centronoticias.com.ar\/portal\/?p=6243"},"modified":"2025-11-01T10:29:49","modified_gmt":"2025-11-01T13:29:49","slug":"san-salvador-recibe-las-finales-de-la-liga-zonal-de-voley-este-domingo","status":"publish","type":"post","link":"https:\/\/centronoticias.com.ar\/portal\/san-salvador-recibe-las-finales-de-la-liga-zonal-de-voley-este-domingo\/","title":{"rendered":"San Salvador recibe las finales de la Liga Zonal de V\u00f3ley este domingo"},"content":{"rendered":"\n<p class=\"has-medium-font-size\">La ciudad de San Salvador ser\u00e1 la sede de la \u00faltima jornada de la Liga Zonal de V\u00f3ley del a\u00f1o 2025, que disputar\u00e1 sus finales este <strong>domingo 2 de noviembre<\/strong> en el Play\u00f3n Polideportivo Municipal.<\/p>\n\n\n\n<p class=\"has-medium-font-size\">Inicialmente programada para dos d\u00edas, la jornada se concentrar\u00e1 en un solo d\u00eda debido a la ausencia de los equipos Barrio Nuevo de Monte Caseros y Club Estudiantes de Federaci\u00f3n. Esto permitir\u00e1 agilizar la competici\u00f3n con los equipos confirmados.<\/p>\n\n\n\n<p class=\"has-medium-font-size\">Los clubes participantes que buscar\u00e1n los t\u00edtulos zonales son:<\/p>\n\n\n\n<ul class=\"wp-block-list\">\n<li class=\"has-medium-font-size\">Pancho V\u00f3ley &#8211; San Salvador<\/li>\n\n\n\n<li class=\"has-medium-font-size\">CEF N\u00b0 4 &#8211; Concordia<\/li>\n\n\n\n<li class=\"has-medium-font-size\">B\u00fahos V\u00f3ley &#8211; Concordia<\/li>\n\n\n\n<li class=\"has-medium-font-size\">Gral. Campos V\u00f3ley<\/li>\n\n\n\n<li class=\"has-medium-font-size\">Club Ferrocarril &#8211; Concordia<\/li>\n\n\n\n<li class=\"has-medium-font-size\">Club Gualeguay &#8211; Villaguay<\/li>\n\n\n\n<li class=\"has-medium-font-size\">Lobos V\u00f3ley &#8211; Concordia<\/li>\n\n\n\n<li class=\"has-medium-font-size\">Fusi\u00f3n V\u00f3ley &#8211; Concordia<\/li>\n<\/ul>\n\n\n\n<figure class=\"wp-block-image size-full\"><a href=\"https:\/\/centronoticias.com.ar\/portal\/wp-content\/uploads\/2025\/10\/programa-voley.jpg\"><img decoding=\"async\" width=\"828\" height=\"351\" src=\"https:\/\/centronoticias.com.ar\/portal\/wp-content\/uploads\/2025\/10\/programa-voley.jpg\" alt=\"\" class=\"wp-image-6244\" srcset=\"https:\/\/centronoticias.com.ar\/portal\/wp-content\/uploads\/2025\/10\/programa-voley.jpg 828w, https:\/\/centronoticias.com.ar\/portal\/wp-content\/uploads\/2025\/10\/programa-voley-300x127.jpg 300w, https:\/\/centronoticias.com.ar\/portal\/wp-content\/uploads\/2025\/10\/programa-voley-768x326.jpg 768w\" sizes=\"(max-width: 828px) 100vw, 828px\" \/><\/a><\/figure>\n\n\n\n<p class=\"has-medium-font-size\">Se invita a toda la comunidad a acercarse al Polideportivo para alentar al equipo local, Pancho V\u00f3ley, en esta importante definici\u00f3n. La entrada es <strong>libre y gratuita<\/strong>, y habr\u00e1 un buen servicio de cantina para los asistentes.<\/p>\n","protected":false},"excerpt":{"rendered":"<p>La ciudad de San Salvador ser\u00e1 la sede de la \u00faltima jornada de la Liga&#8230;<\/p>\n","protected":false},"author":3,"featured_media":3350,"comment_status":"closed","ping_status":"open","sticky":false,"template":"","format":"standard","meta":{"footnotes":""},"categories":[6],"tags":[],"class_list":["post-6243","post","type-post","status-publish","format-standard","has-post-thumbnail","hentry","category-dep-0"],"featured_image_urls":{"full":["https:\/\/centronoticias.com.ar\/portal\/wp-content\/uploads\/2025\/06\/Voley-Pancho-Ramirez.jpg",2048,1725,false],"thumbnail":["https:\/\/centronoticias.com.ar\/portal\/wp-content\/uploads\/2025\/06\/Voley-Pancho-Ramirez-150x150.jpg",150,150,true],"medium":["https:\/\/centronoticias.com.ar\/portal\/wp-content\/uploads\/2025\/06\/Voley-Pancho-Ramirez-300x253.jpg",300,253,true],"medium_large":["https:\/\/centronoticias.com.ar\/portal\/wp-content\/uploads\/2025\/06\/Voley-Pancho-Ramirez-768x647.jpg",640,539,true],"large":["https:\/\/centronoticias.com.ar\/portal\/wp-content\/uploads\/2025\/06\/Voley-Pancho-Ramirez-1024x863.jpg",640,539,true],"1536x1536":["https:\/\/centronoticias.com.ar\/portal\/wp-content\/uploads\/2025\/06\/Voley-Pancho-Ramirez-1536x1294.jpg",1536,1294,true],"2048x2048":["https:\/\/centronoticias.com.ar\/portal\/wp-content\/uploads\/2025\/06\/Voley-Pancho-Ramirez.jpg",2048,1725,false],"covernews-slider-full":["https:\/\/centronoticias.com.ar\/portal\/wp-content\/uploads\/2025\/06\/Voley-Pancho-Ramirez-1115x715.jpg",1115,715,true],"covernews-slider-center":["https:\/\/centronoticias.com.ar\/portal\/wp-content\/uploads\/2025\/06\/Voley-Pancho-Ramirez-800x500.jpg",800,500,true],"covernews-featured":["https:\/\/centronoticias.com.ar\/portal\/wp-content\/uploads\/2025\/06\/Voley-Pancho-Ramirez-1024x863.jpg",1024,863,true],"covernews-medium":["https:\/\/centronoticias.com.ar\/portal\/wp-content\/uploads\/2025\/06\/Voley-Pancho-Ramirez-540x340.jpg",540,340,true],"covernews-medium-square":["https:\/\/centronoticias.com.ar\/portal\/wp-content\/uploads\/2025\/06\/Voley-Pancho-Ramirez-400x250.jpg",400,250,true]},"author_info":{"info":["Roberto Jourd\u00e1n"]},"category_info":"<a href=\"https:\/\/centronoticias.com.ar\/portal\/category\/dep-0\/\" rel=\"category tag\">Deportes<\/a>","tag_info":"Deportes","comment_count":"0","_links":{"self":[{"href":"https:\/\/centronoticias.com.ar\/portal\/wp-json\/wp\/v2\/posts\/6243","targetHints":{"allow":["GET"]}}],"collection":[{"href":"https:\/\/centronoticias.com.ar\/portal\/wp-json\/wp\/v2\/posts"}],"about":[{"href":"https:\/\/centronoticias.com.ar\/portal\/wp-json\/wp\/v2\/types\/post"}],"author":[{"embeddable":true,"href":"https:\/\/centronoticias.com.ar\/portal\/wp-json\/wp\/v2\/users\/3"}],"replies":[{"embeddable":true,"href":"https:\/\/centronoticias.com.ar\/portal\/wp-json\/wp\/v2\/comments?post=6243"}],"version-history":[{"count":2,"href":"https:\/\/centronoticias.com.ar\/portal\/wp-json\/wp\/v2\/posts\/6243\/revisions"}],"predecessor-version":[{"id":6302,"href":"https:\/\/centronoticias.com.ar\/portal\/wp-json\/wp\/v2\/posts\/6243\/revisions\/6302"}],"wp:featuredmedia":[{"embeddable":true,"href":"https:\/\/centronoticias.com.ar\/portal\/wp-json\/wp\/v2\/media\/3350"}],"wp:attachment":[{"href":"https:\/\/centronoticias.com.ar\/portal\/wp-json\/wp\/v2\/media?parent=6243"}],"wp:term":[{"taxonomy":"category","embeddable":true,"href":"https:\/\/centronoticias.com.ar\/portal\/wp-json\/wp\/v2\/categories?post=6243"},{"taxonomy":"post_tag","embeddable":true,"href":"https:\/\/centronoticias.com.ar\/portal\/wp-json\/wp\/v2\/tags?post=6243"}],"curies":[{"name":"wp","href":"https:\/\/api.w.org\/{rel}","templated":true}]}}