{"id":6007,"date":"2025-10-19T22:57:36","date_gmt":"2025-10-20T01:57:36","guid":{"rendered":"https:\/\/centronoticias.com.ar\/portal\/?p=6007"},"modified":"2025-10-20T11:16:03","modified_gmt":"2025-10-20T14:16:03","slug":"torneo-regional-union-cayo-en-el-debut-ante-cave","status":"publish","type":"post","link":"https:\/\/centronoticias.com.ar\/portal\/torneo-regional-union-cayo-en-el-debut-ante-cave\/","title":{"rendered":"Torneo Regional  &#8211; Uni\u00f3n cay\u00f3 en el debut ante CAVE"},"content":{"rendered":"\n<p class=\"has-medium-font-size\">El Club Atl\u00e9tico Uni\u00f3n y Fraternidad de San Salvador inici\u00f3 su participaci\u00f3n en el Torneo Regional Federal Amateur de F\u00fatbol este domingo 19 de octubre,  con una derrota por 2 a 0 frente a Atl\u00e9tico Villa Elisa. El partido, disputado en la ciudad de Villa Elisa, marc\u00f3 el debut del equipo azulgrana en la competici\u00f3n nacional.<\/p>\n\n\n\n<p class=\"has-medium-font-size\">A pesar de la ca\u00edda, el encuentro fue de tr\u00e1mite parejo, con Uni\u00f3n jugando de igual a igual ante el conjunto local. Sin embargo, Atl\u00e9tico Villa Elisa logr\u00f3 capitalizar sus oportunidades.<\/p>\n\n\n\n<p class=\"has-medium-font-size\">Los goles para el equipo local fueron convertidos por <strong>Tomas Rodr\u00edguez<\/strong> a los 32 minutos del primer tiempo, abriendo el marcador, y <strong>Manuel Ben\u00edtez<\/strong> en el minuto 65, quien sell\u00f3 el 2 a 0 definitivo a favor de Atl\u00e9tico Villa Elisa.<\/p>\n\n\n\n<p class=\"has-medium-font-size\">La pr\u00f3xima semana no habr\u00e1 actividad futbol\u00edstica debido a las elecciones. El esperado debut como local para Uni\u00f3n y Fraternidad ser\u00e1 el <strong>2 de noviembre<\/strong>, cuando reciba a Juventud Unida de Gualeguaych\u00fa en su cancha, buscando revertir el resultado de esta primera fecha.<\/p>\n\n\n\n<p class=\"has-medium-font-size\"><strong>Formaciones:<\/strong><\/p>\n\n\n\n<p class=\"has-medium-font-size\">Cave:<br>1 Bruno Dimotta<br>2 Adrian Baron<br>3 Leandro Ramirez<br>4 Nicolas Suarez<br>5 Guillermo Espinosa<br>6 Pehuen Gaillard<br>7 Alan Villar<br>8 Nazareno Rodriguez<br>9 Tomas Rodriguez<br>10 Juan Manuel Rodriguez<br>11 Emiliano Diaz<br>Suplentes: Ayrton Rougier, Facundo Francou, Bruno Durand, Milton Bel, Gast\u00f3n Baena, Alan Quiroga, Manuel Benitez.<br>DT: Facundo Bonvin.<\/p>\n\n\n\n<p class=\"has-medium-font-size\">Uni\u00f3n<br>1 Juan Steingart<br>2 Agustin C\u00e1ceres<br>3 Juan Emparanza<br>4 Juan Vidal<br>5 Axel Zabala<br>6 Pablo Russo<br>7 Matias Medina<br>8 Tobias Moren<br>9 Jorge Alem<br>10 Gast\u00f3n Segovia<br>11 Atuel Zermathen<br>Suplentes: Santiago Castro, Alexis Mor\u00ednico, Franco Valenzuela, Mauricio Jones, Emilio Rey, Nahuel Ferreyra, Dionisio Santana.<br>DT: Jorge Santos, Gustavo Suarez.<\/p>\n\n\n\n<p class=\"has-medium-font-size\">Terna arbitral: Iv\u00e1n Pastrana, Fabi\u00e1n P\u00e9rez y Benjam\u00edn S\u00e1nchez (Concepci\u00f3n del Uruguay).<\/p>\n\n\n\n<p class=\"has-medium-font-size\"><strong>Gan\u00f3 Juventud<\/strong><\/p>\n\n\n\n<p class=\"has-medium-font-size\">En el otro partido de la Zona 3, Juventud Unida de Gualeguaych\u00fa le gan\u00f3 por 3 a 0 a Parque Sur  de Concepci\u00f3n del Uruguay. Los goles fueron convertidos por: Facundo Britos, Maximiliano Solari y Laureano Doello de penal. Expulsados: Facundo Mart\u00ednez y Mart\u00edn Lind en Parque Sur.<\/p>\n\n\n\n<p class=\"has-medium-font-size\"><strong>Posiciones:<\/strong><\/p>\n\n\n\n<p class=\"has-medium-font-size\">Juventud Unida (Gualeguaych\u00fa) 3pts. (+3), CAVE   3pts. (+2), Uni\u00f3n 0 (-2) y Parque Sur  0 (-3). <\/p>\n\n\n\n<p class=\"has-medium-font-size\"><strong>Pr\u00f3xima fecha:<\/strong><br>Segunda &#8211; 2 de Noviembre<br><br>Uni\u00f3n vs. Juventud Unida<br>Parque Sur vs. CAVE<\/p>\n","protected":false},"excerpt":{"rendered":"<p>El Club Atl\u00e9tico Uni\u00f3n y Fraternidad de San Salvador inici\u00f3 su participaci\u00f3n en el Torneo&#8230;<\/p>\n","protected":false},"author":3,"featured_media":6008,"comment_status":"closed","ping_status":"open","sticky":false,"template":"","format":"standard","meta":{"footnotes":""},"categories":[6],"tags":[],"class_list":["post-6007","post","type-post","status-publish","format-standard","has-post-thumbnail","hentry","category-dep-0"],"featured_image_urls":{"full":["https:\/\/centronoticias.com.ar\/portal\/wp-content\/uploads\/2025\/10\/union-debut-regional.jpg",1024,579,false],"thumbnail":["https:\/\/centronoticias.com.ar\/portal\/wp-content\/uploads\/2025\/10\/union-debut-regional-150x150.jpg",150,150,true],"medium":["https:\/\/centronoticias.com.ar\/portal\/wp-content\/uploads\/2025\/10\/union-debut-regional-300x170.jpg",300,170,true],"medium_large":["https:\/\/centronoticias.com.ar\/portal\/wp-content\/uploads\/2025\/10\/union-debut-regional-768x434.jpg",640,362,true],"large":["https:\/\/centronoticias.com.ar\/portal\/wp-content\/uploads\/2025\/10\/union-debut-regional.jpg",640,362,false],"1536x1536":["https:\/\/centronoticias.com.ar\/portal\/wp-content\/uploads\/2025\/10\/union-debut-regional.jpg",1024,579,false],"2048x2048":["https:\/\/centronoticias.com.ar\/portal\/wp-content\/uploads\/2025\/10\/union-debut-regional.jpg",1024,579,false],"covernews-slider-full":["https:\/\/centronoticias.com.ar\/portal\/wp-content\/uploads\/2025\/10\/union-debut-regional.jpg",1024,579,false],"covernews-slider-center":["https:\/\/centronoticias.com.ar\/portal\/wp-content\/uploads\/2025\/10\/union-debut-regional-800x500.jpg",800,500,true],"covernews-featured":["https:\/\/centronoticias.com.ar\/portal\/wp-content\/uploads\/2025\/10\/union-debut-regional.jpg",1024,579,false],"covernews-medium":["https:\/\/centronoticias.com.ar\/portal\/wp-content\/uploads\/2025\/10\/union-debut-regional-540x340.jpg",540,340,true],"covernews-medium-square":["https:\/\/centronoticias.com.ar\/portal\/wp-content\/uploads\/2025\/10\/union-debut-regional-400x250.jpg",400,250,true]},"author_info":{"info":["Roberto Jourd\u00e1n"]},"category_info":"<a href=\"https:\/\/centronoticias.com.ar\/portal\/category\/dep-0\/\" rel=\"category tag\">Deportes<\/a>","tag_info":"Deportes","comment_count":"0","_links":{"self":[{"href":"https:\/\/centronoticias.com.ar\/portal\/wp-json\/wp\/v2\/posts\/6007","targetHints":{"allow":["GET"]}}],"collection":[{"href":"https:\/\/centronoticias.com.ar\/portal\/wp-json\/wp\/v2\/posts"}],"about":[{"href":"https:\/\/centronoticias.com.ar\/portal\/wp-json\/wp\/v2\/types\/post"}],"author":[{"embeddable":true,"href":"https:\/\/centronoticias.com.ar\/portal\/wp-json\/wp\/v2\/users\/3"}],"replies":[{"embeddable":true,"href":"https:\/\/centronoticias.com.ar\/portal\/wp-json\/wp\/v2\/comments?post=6007"}],"version-history":[{"count":15,"href":"https:\/\/centronoticias.com.ar\/portal\/wp-json\/wp\/v2\/posts\/6007\/revisions"}],"predecessor-version":[{"id":6043,"href":"https:\/\/centronoticias.com.ar\/portal\/wp-json\/wp\/v2\/posts\/6007\/revisions\/6043"}],"wp:featuredmedia":[{"embeddable":true,"href":"https:\/\/centronoticias.com.ar\/portal\/wp-json\/wp\/v2\/media\/6008"}],"wp:attachment":[{"href":"https:\/\/centronoticias.com.ar\/portal\/wp-json\/wp\/v2\/media?parent=6007"}],"wp:term":[{"taxonomy":"category","embeddable":true,"href":"https:\/\/centronoticias.com.ar\/portal\/wp-json\/wp\/v2\/categories?post=6007"},{"taxonomy":"post_tag","embeddable":true,"href":"https:\/\/centronoticias.com.ar\/portal\/wp-json\/wp\/v2\/tags?post=6007"}],"curies":[{"name":"wp","href":"https:\/\/api.w.org\/{rel}","templated":true}]}}