{"id":3861,"date":"2025-06-30T08:21:09","date_gmt":"2025-06-30T11:21:09","guid":{"rendered":"https:\/\/centronoticias.com.ar\/portal\/?p=3861"},"modified":"2025-06-30T08:21:12","modified_gmt":"2025-06-30T11:21:12","slug":"concepcion-del-uruguay-contara-en-pocos-dias-con-una-nueva-parroquia","status":"publish","type":"post","link":"https:\/\/centronoticias.com.ar\/portal\/concepcion-del-uruguay-contara-en-pocos-dias-con-una-nueva-parroquia\/","title":{"rendered":"Concepci\u00f3n del Uruguay contar\u00e1 en pocos d\u00edas con una nueva parroquia"},"content":{"rendered":"\n<p class=\"has-medium-font-size\">Concepci\u00f3n del Uruguay contar\u00e1 con una nueva parroquia para la atenci\u00f3n espiritual de los fieles desde el pr\u00f3ximo 6 de julio. La misma tendr\u00e1 como sede la actual capilla Santa Mar\u00eda Goretti ubicada en el barrio Las Lomas Norte y abarcar\u00e1 la zona oeste de la ciudad.<\/p>\n\n\n\n<p class=\"has-medium-font-size\">La nueva parroquia ser\u00e1 creada por el obispo de Gualeguaych\u00fa, Mons. H\u00e9ctor Zord\u00e1n, en una celebraci\u00f3n que comenzar\u00e1 a las 16.00 hs.&nbsp; el mismo d\u00eda que se recuerda a la santa patrona. Durante la misa tambi\u00e9n asumir\u00e1 el primer p\u00e1rroco, el P. Pedro Brassesco.<\/p>\n\n\n\n<p class=\"has-medium-font-size\">En la atenci\u00f3n pastoral quedar\u00e1n incluidas las comunidades de la capilla Santa Luc\u00eda y de las escuelas e institutos Santa Mar\u00eda Goretti y Juan Pablo II, adem\u00e1s de los barrios ubicados en el radio comprendido por el Bv. Ricardo Balb\u00edn desde RN 14 hasta Av. Laur\u00eda, por \u00e9sta hasta J.J. Bruno, continuando al sur por 29 al Oeste, hasta el Arroyo La China y por \u00e9ste hasta RN 14.<\/p>\n\n\n\n<p class=\"has-medium-font-size\">Se trata de una zona de crecimiento demogr\u00e1fico de la ciudad que requiere de un acompa\u00f1amiento en la fe, m\u00e1s cercano y estable, generando espacios que permitan vivir los sacramentos y responder a las diversas necesidades que se presentan en cada una de las realidades particulares de la zona.<\/p>\n\n\n\n<p class=\"has-medium-font-size\">Seg\u00fan san Juan Pablo II una parroquia es \u201cuna casa en medio de las casas\u201d para&nbsp;acercar el Evangelio al pueblo a trav\u00e9s del anuncio de la fe y de la celebraci\u00f3n de los sacramentos y por lo tanto est\u00e1 llamada a acoger los desaf\u00edos del tiempo presente, para adecuar su propio servicio a las exigencias de los fieles y de los cambios hist\u00f3ricos.<\/p>\n\n\n\n<p class=\"has-medium-font-size\">Benedicto XVI dec\u00eda que \u00ab<em>la parroquia es un faro que irradia la luz de la fe y as\u00ed responde a los deseos m\u00e1s profundos y verdaderos del coraz\u00f3n del hombre, dando significado y esperanza a la vida de las personas y de las familias<\/em>\u00bb; y el Papa Francisco recordaba que \u00ab<em>a trav\u00e9s de todas sus actividades, la parroquia alienta y forma a sus miembros para que sean agentes de evangelizaci\u00f3n<\/em>\u00bb.<\/p>\n\n\n\n<p class=\"has-medium-font-size\">El P. Brasesco, quien ser\u00e1 el asumir\u00e1 como p\u00e1rroco es nacido en Victoria (E.R), estudi\u00f3 Comunicaci\u00f3n Social y se desempe\u00f1\u00f3 como periodista en su ciudad natal, en Paran\u00e1 y Concordia. Ingres\u00f3 al seminario de Gualeguaych\u00fa en 2002 y en 2008 fue ordenado sacerdote. Desempe\u00f1\u00f3 su ministerio en Gualeguay e Ibicuy. Fue&nbsp; secretario nacional de la Pontificia Uni\u00f3n Misional y secretario ejecutivo de las comisiones episcopales de misiones y para la Universidad Cat\u00f3lica Argentina. Desde 2014 tambi\u00e9n sirvi\u00f3 como subsecretario de la Conferencia Episcopal y en 2021 se traslad\u00f3 a Colombia para prestar sus servicios como Secretario Adjunto del Consejo Episcopal Latinoamericano, tarea que culmin\u00f3 el&nbsp; 31 de mayo pasado. Contin\u00faa acompa\u00f1ando el Equipo Continental del S\u00ednodo y la Red Latinoamericana y Caribe\u00f1a de la Cultura del Cuidado.&nbsp;<\/p>\n","protected":false},"excerpt":{"rendered":"<p>Concepci\u00f3n del Uruguay contar\u00e1 con una nueva parroquia para la atenci\u00f3n espiritual de los fieles&#8230;<\/p>\n","protected":false},"author":3,"featured_media":3862,"comment_status":"closed","ping_status":"open","sticky":false,"template":"","format":"standard","meta":{"footnotes":""},"categories":[30],"tags":[],"class_list":["post-3861","post","type-post","status-publish","format-standard","has-post-thumbnail","hentry","category-intgen"],"featured_image_urls":{"full":["https:\/\/centronoticias.com.ar\/portal\/wp-content\/uploads\/2025\/06\/parroquia-c-del-u.jpg",761,507,false],"thumbnail":["https:\/\/centronoticias.com.ar\/portal\/wp-content\/uploads\/2025\/06\/parroquia-c-del-u-150x150.jpg",150,150,true],"medium":["https:\/\/centronoticias.com.ar\/portal\/wp-content\/uploads\/2025\/06\/parroquia-c-del-u-300x200.jpg",300,200,true],"medium_large":["https:\/\/centronoticias.com.ar\/portal\/wp-content\/uploads\/2025\/06\/parroquia-c-del-u.jpg",640,426,false],"large":["https:\/\/centronoticias.com.ar\/portal\/wp-content\/uploads\/2025\/06\/parroquia-c-del-u.jpg",640,426,false],"1536x1536":["https:\/\/centronoticias.com.ar\/portal\/wp-content\/uploads\/2025\/06\/parroquia-c-del-u.jpg",761,507,false],"2048x2048":["https:\/\/centronoticias.com.ar\/portal\/wp-content\/uploads\/2025\/06\/parroquia-c-del-u.jpg",761,507,false],"covernews-slider-full":["https:\/\/centronoticias.com.ar\/portal\/wp-content\/uploads\/2025\/06\/parroquia-c-del-u.jpg",761,507,false],"covernews-slider-center":["https:\/\/centronoticias.com.ar\/portal\/wp-content\/uploads\/2025\/06\/parroquia-c-del-u-761x500.jpg",761,500,true],"covernews-featured":["https:\/\/centronoticias.com.ar\/portal\/wp-content\/uploads\/2025\/06\/parroquia-c-del-u.jpg",761,507,false],"covernews-medium":["https:\/\/centronoticias.com.ar\/portal\/wp-content\/uploads\/2025\/06\/parroquia-c-del-u-540x340.jpg",540,340,true],"covernews-medium-square":["https:\/\/centronoticias.com.ar\/portal\/wp-content\/uploads\/2025\/06\/parroquia-c-del-u-400x250.jpg",400,250,true]},"author_info":{"info":["Roberto Jourd\u00e1n"]},"category_info":"<a href=\"https:\/\/centronoticias.com.ar\/portal\/category\/intgen\/\" rel=\"category tag\">Inter\u00e9s General<\/a>","tag_info":"Inter\u00e9s General","comment_count":"0","_links":{"self":[{"href":"https:\/\/centronoticias.com.ar\/portal\/wp-json\/wp\/v2\/posts\/3861","targetHints":{"allow":["GET"]}}],"collection":[{"href":"https:\/\/centronoticias.com.ar\/portal\/wp-json\/wp\/v2\/posts"}],"about":[{"href":"https:\/\/centronoticias.com.ar\/portal\/wp-json\/wp\/v2\/types\/post"}],"author":[{"embeddable":true,"href":"https:\/\/centronoticias.com.ar\/portal\/wp-json\/wp\/v2\/users\/3"}],"replies":[{"embeddable":true,"href":"https:\/\/centronoticias.com.ar\/portal\/wp-json\/wp\/v2\/comments?post=3861"}],"version-history":[{"count":1,"href":"https:\/\/centronoticias.com.ar\/portal\/wp-json\/wp\/v2\/posts\/3861\/revisions"}],"predecessor-version":[{"id":3863,"href":"https:\/\/centronoticias.com.ar\/portal\/wp-json\/wp\/v2\/posts\/3861\/revisions\/3863"}],"wp:featuredmedia":[{"embeddable":true,"href":"https:\/\/centronoticias.com.ar\/portal\/wp-json\/wp\/v2\/media\/3862"}],"wp:attachment":[{"href":"https:\/\/centronoticias.com.ar\/portal\/wp-json\/wp\/v2\/media?parent=3861"}],"wp:term":[{"taxonomy":"category","embeddable":true,"href":"https:\/\/centronoticias.com.ar\/portal\/wp-json\/wp\/v2\/categories?post=3861"},{"taxonomy":"post_tag","embeddable":true,"href":"https:\/\/centronoticias.com.ar\/portal\/wp-json\/wp\/v2\/tags?post=3861"}],"curies":[{"name":"wp","href":"https:\/\/api.w.org\/{rel}","templated":true}]}}