{"id":3855,"date":"2025-06-29T23:17:21","date_gmt":"2025-06-30T02:17:21","guid":{"rendered":"https:\/\/centronoticias.com.ar\/portal\/?p=3855"},"modified":"2025-06-30T11:26:25","modified_gmt":"2025-06-30T14:26:25","slug":"excelente-velada-literaria-con-estudiantes-en-san-salvador","status":"publish","type":"post","link":"https:\/\/centronoticias.com.ar\/portal\/excelente-velada-literaria-con-estudiantes-en-san-salvador\/","title":{"rendered":"Excelente velada literaria con estudiantes en San Salvador"},"content":{"rendered":"\n<p class=\"has-medium-font-size\">En el marco de la semana de la lectura, la biblioteca escolar \u201cSalom\u00f3n Saslavsky\u201d, organiz\u00f3 la velada literaria con el escritor sansalvadore\u00f1o Lucio Albirosa.<\/p>\n\n\n\n<p class=\"has-medium-font-size\">Durante la noche del jueves 26 y en la ma\u00f1ana de este viernes 27 de junio, los estudiantes de la Escuela Secundaria N\u00b0 2 \u201cFrancisco Ram\u00edrez\u201d y ESJA participaron de una actividad gratificante y amena, donde se resalt\u00f3 la importancia de nuestra literatura regional y local, sumado a la necesidad de dar a conocer parte de la historia de nuestra ciudad mediante g\u00e9neros narrativos y po\u00e9ticos propios del autor disertante, qui\u00e9n interactu\u00f3 abiertamente con los alumnos al son de su obra \u201cDe Arrozal y Nostalgias\u201d.<\/p>\n\n\n\n<p class=\"has-medium-font-size\">Con una sala San Mart\u00edn repleta, el alumnado recepcion\u00f3 la importancia y el valor de la palabra escrita en un escenario de complicidad y entendimiento entre \u00e9stos y el autor. Ambas ponencias educativas cerraron con mucha satisfacci\u00f3n por parte de las responsables -ya que \u00e9sto responde al inicio y continuidad de actividades gestadas por parte de la biblioteca-, habi\u00e9ndose generado tambi\u00e9n en los estudiantes un incentivo por la lectura. Previamente, en las aulas, ya hab\u00edan abordado las obras del escritor: &#8220;Canci\u00f3n de luz para la Yiraca&#8221; y &#8220;R\u00e9quiem para Machungo Romero&#8221;.<\/p>\n\n\n\n<p class=\"has-medium-font-size\">Esta velada, adem\u00e1s de fomentar h\u00e1bitos lectores, revaloriza la literatura regional. Las docentes responsables del proyecto fueron: Vanesa Barrachini y Marina Derudder.<\/p>\n\n\n\n<p><\/p>\n\n\n\n<p><\/p>\n\n\n\n<p>Foto: Gladys B\u00f6hme. <\/p>\n","protected":false},"excerpt":{"rendered":"<p>En el marco de la semana de la lectura, la biblioteca escolar \u201cSalom\u00f3n Saslavsky\u201d, organiz\u00f3&#8230;<\/p>\n","protected":false},"author":3,"featured_media":3856,"comment_status":"closed","ping_status":"open","sticky":false,"template":"","format":"standard","meta":{"footnotes":""},"categories":[21],"tags":[],"class_list":["post-3855","post","type-post","status-publish","format-standard","has-post-thumbnail","hentry","category-provinciales"],"featured_image_urls":{"full":["https:\/\/centronoticias.com.ar\/portal\/wp-content\/uploads\/2025\/06\/lucio-y-estudiantes.jpg",1024,560,false],"thumbnail":["https:\/\/centronoticias.com.ar\/portal\/wp-content\/uploads\/2025\/06\/lucio-y-estudiantes-150x150.jpg",150,150,true],"medium":["https:\/\/centronoticias.com.ar\/portal\/wp-content\/uploads\/2025\/06\/lucio-y-estudiantes-300x164.jpg",300,164,true],"medium_large":["https:\/\/centronoticias.com.ar\/portal\/wp-content\/uploads\/2025\/06\/lucio-y-estudiantes-768x420.jpg",640,350,true],"large":["https:\/\/centronoticias.com.ar\/portal\/wp-content\/uploads\/2025\/06\/lucio-y-estudiantes.jpg",640,350,false],"1536x1536":["https:\/\/centronoticias.com.ar\/portal\/wp-content\/uploads\/2025\/06\/lucio-y-estudiantes.jpg",1024,560,false],"2048x2048":["https:\/\/centronoticias.com.ar\/portal\/wp-content\/uploads\/2025\/06\/lucio-y-estudiantes.jpg",1024,560,false],"covernews-slider-full":["https:\/\/centronoticias.com.ar\/portal\/wp-content\/uploads\/2025\/06\/lucio-y-estudiantes.jpg",1024,560,false],"covernews-slider-center":["https:\/\/centronoticias.com.ar\/portal\/wp-content\/uploads\/2025\/06\/lucio-y-estudiantes-800x500.jpg",800,500,true],"covernews-featured":["https:\/\/centronoticias.com.ar\/portal\/wp-content\/uploads\/2025\/06\/lucio-y-estudiantes.jpg",1024,560,false],"covernews-medium":["https:\/\/centronoticias.com.ar\/portal\/wp-content\/uploads\/2025\/06\/lucio-y-estudiantes-540x340.jpg",540,340,true],"covernews-medium-square":["https:\/\/centronoticias.com.ar\/portal\/wp-content\/uploads\/2025\/06\/lucio-y-estudiantes-400x250.jpg",400,250,true]},"author_info":{"info":["Roberto Jourd\u00e1n"]},"category_info":"<a href=\"https:\/\/centronoticias.com.ar\/portal\/category\/provinciales\/\" rel=\"category tag\">Provinciales<\/a>","tag_info":"Provinciales","comment_count":"0","_links":{"self":[{"href":"https:\/\/centronoticias.com.ar\/portal\/wp-json\/wp\/v2\/posts\/3855","targetHints":{"allow":["GET"]}}],"collection":[{"href":"https:\/\/centronoticias.com.ar\/portal\/wp-json\/wp\/v2\/posts"}],"about":[{"href":"https:\/\/centronoticias.com.ar\/portal\/wp-json\/wp\/v2\/types\/post"}],"author":[{"embeddable":true,"href":"https:\/\/centronoticias.com.ar\/portal\/wp-json\/wp\/v2\/users\/3"}],"replies":[{"embeddable":true,"href":"https:\/\/centronoticias.com.ar\/portal\/wp-json\/wp\/v2\/comments?post=3855"}],"version-history":[{"count":2,"href":"https:\/\/centronoticias.com.ar\/portal\/wp-json\/wp\/v2\/posts\/3855\/revisions"}],"predecessor-version":[{"id":3864,"href":"https:\/\/centronoticias.com.ar\/portal\/wp-json\/wp\/v2\/posts\/3855\/revisions\/3864"}],"wp:featuredmedia":[{"embeddable":true,"href":"https:\/\/centronoticias.com.ar\/portal\/wp-json\/wp\/v2\/media\/3856"}],"wp:attachment":[{"href":"https:\/\/centronoticias.com.ar\/portal\/wp-json\/wp\/v2\/media?parent=3855"}],"wp:term":[{"taxonomy":"category","embeddable":true,"href":"https:\/\/centronoticias.com.ar\/portal\/wp-json\/wp\/v2\/categories?post=3855"},{"taxonomy":"post_tag","embeddable":true,"href":"https:\/\/centronoticias.com.ar\/portal\/wp-json\/wp\/v2\/tags?post=3855"}],"curies":[{"name":"wp","href":"https:\/\/api.w.org\/{rel}","templated":true}]}}