{"id":3494,"date":"2025-06-09T23:37:00","date_gmt":"2025-06-10T02:37:00","guid":{"rendered":"https:\/\/centronoticias.com.ar\/portal\/?p=3494"},"modified":"2025-06-09T23:44:59","modified_gmt":"2025-06-10T02:44:59","slug":"paciente-de-san-salvador-beneficiada-por-una-cirugia-pionera-en-concordia","status":"publish","type":"post","link":"https:\/\/centronoticias.com.ar\/portal\/paciente-de-san-salvador-beneficiada-por-una-cirugia-pionera-en-concordia\/","title":{"rendered":"Paciente de San Salvador, beneficiada por una cirug\u00eda pionera en Concordia."},"content":{"rendered":"\n<p class=\"has-medium-font-size\">En un hito m\u00e9dico para la regi\u00f3n, el Hospital Delicia Concepci\u00f3n Masvernat de Concordia llev\u00f3 a cabo una cirug\u00eda in\u00e9dita que no solo reafirma la excelencia de su equipo, sino que tambi\u00e9n benefici\u00f3 directamente a una paciente oriunda de San Salvador. La intervenci\u00f3n, de alta complejidad, destac\u00f3 por el invaluable trabajo articulado y multidisciplinario del personal de la instituci\u00f3n.<\/p>\n\n\n\n<p class=\"has-medium-font-size\">La paciente, residente de nuestra ciudad de San Salvador, hab\u00eda sido derivada al nosocomio de Concordia por una tumoraci\u00f3n lateral del cuello. Tras su llegada, se inici\u00f3 un proceso de evaluaci\u00f3n integral que incluy\u00f3 una angiotomograf\u00eda para orientar el diagn\u00f3stico. Posteriormente, en el Servicio de Hemodinamia del hospital, se realiz\u00f3 un cateterismo selectivo de la arteria car\u00f3tida, lo que permiti\u00f3 a los especialistas caracterizar la lesi\u00f3n con una precisi\u00f3n crucial.<\/p>\n\n\n\n<figure class=\"wp-block-image size-full\"><a href=\"https:\/\/centronoticias.com.ar\/portal\/wp-content\/uploads\/2025\/06\/operacion-inedita-2.jpg\"><img decoding=\"async\" width=\"1024\" height=\"768\" src=\"https:\/\/centronoticias.com.ar\/portal\/wp-content\/uploads\/2025\/06\/operacion-inedita-2.jpg\" alt=\"\" class=\"wp-image-3497\" srcset=\"https:\/\/centronoticias.com.ar\/portal\/wp-content\/uploads\/2025\/06\/operacion-inedita-2.jpg 1024w, https:\/\/centronoticias.com.ar\/portal\/wp-content\/uploads\/2025\/06\/operacion-inedita-2-300x225.jpg 300w, https:\/\/centronoticias.com.ar\/portal\/wp-content\/uploads\/2025\/06\/operacion-inedita-2-768x576.jpg 768w\" sizes=\"(max-width: 1024px) 100vw, 1024px\" \/><\/a><\/figure>\n\n\n\n<p class=\"has-medium-font-size\">Una vez confirmado el diagn\u00f3stico, se planific\u00f3 y ejecut\u00f3 la cirug\u00eda: la resecci\u00f3n de un tumor localizado espec\u00edficamente en la bifurcaci\u00f3n de la arteria car\u00f3tida derecha. La intervenci\u00f3n se llev\u00f3 a cabo sin ninguna complicaci\u00f3n, lo que es un testimonio de la pericia de los equipos m\u00e9dicos. La recuperaci\u00f3n de la paciente fue notablemente r\u00e1pida, recibiendo el alta m\u00e9dica tan solo 48 horas despu\u00e9s del procedimiento, evolucionando de manera favorable.<\/p>\n\n\n\n<p class=\"has-medium-font-size\">La complejidad de este caso requiri\u00f3 la participaci\u00f3n activa y coordinada de m\u00faltiples servicios del Hospital Delicia Concepci\u00f3n Masvernat. Entre ellos se destacan Hemodinamia, Diagn\u00f3stico por Im\u00e1genes, Cirug\u00eda de Cabeza y Cuello, Cirug\u00eda Vascular, Anestesiolog\u00eda, Cardiolog\u00eda, Terapia Intensiva, as\u00ed como el crucial apoyo de Enfermer\u00eda e Instrumentaci\u00f3n Quir\u00fargica.<\/p>\n\n\n\n<p class=\"has-medium-font-size\">Este logro quir\u00fargico no solo representa un avance significativo en la capacidad de respuesta del Hospital Masvernat ante casos complejos, sino que tambi\u00e9n reafirma su compromiso con la excelencia m\u00e9dica, la formaci\u00f3n continua de sus profesionales y, sobre todo, una atenci\u00f3n integral centrada en el bienestar del paciente. Un motivo de orgullo y tranquilidad para toda la regi\u00f3n, incluyendo a los vecinos de San Salvador.<\/p>\n","protected":false},"excerpt":{"rendered":"<p>En un hito m\u00e9dico para la regi\u00f3n, el Hospital Delicia Concepci\u00f3n Masvernat de Concordia llev\u00f3&#8230;<\/p>\n","protected":false},"author":3,"featured_media":3495,"comment_status":"closed","ping_status":"open","sticky":false,"template":"","format":"standard","meta":{"footnotes":""},"categories":[30],"tags":[],"class_list":["post-3494","post","type-post","status-publish","format-standard","has-post-thumbnail","hentry","category-intgen"],"featured_image_urls":{"full":["https:\/\/centronoticias.com.ar\/portal\/wp-content\/uploads\/2025\/06\/operacion-inedita.jpg",960,778,false],"thumbnail":["https:\/\/centronoticias.com.ar\/portal\/wp-content\/uploads\/2025\/06\/operacion-inedita-150x150.jpg",150,150,true],"medium":["https:\/\/centronoticias.com.ar\/portal\/wp-content\/uploads\/2025\/06\/operacion-inedita-300x243.jpg",300,243,true],"medium_large":["https:\/\/centronoticias.com.ar\/portal\/wp-content\/uploads\/2025\/06\/operacion-inedita-768x622.jpg",640,518,true],"large":["https:\/\/centronoticias.com.ar\/portal\/wp-content\/uploads\/2025\/06\/operacion-inedita.jpg",640,519,false],"1536x1536":["https:\/\/centronoticias.com.ar\/portal\/wp-content\/uploads\/2025\/06\/operacion-inedita.jpg",960,778,false],"2048x2048":["https:\/\/centronoticias.com.ar\/portal\/wp-content\/uploads\/2025\/06\/operacion-inedita.jpg",960,778,false],"covernews-slider-full":["https:\/\/centronoticias.com.ar\/portal\/wp-content\/uploads\/2025\/06\/operacion-inedita-960x715.jpg",960,715,true],"covernews-slider-center":["https:\/\/centronoticias.com.ar\/portal\/wp-content\/uploads\/2025\/06\/operacion-inedita-800x500.jpg",800,500,true],"covernews-featured":["https:\/\/centronoticias.com.ar\/portal\/wp-content\/uploads\/2025\/06\/operacion-inedita.jpg",960,778,false],"covernews-medium":["https:\/\/centronoticias.com.ar\/portal\/wp-content\/uploads\/2025\/06\/operacion-inedita-540x340.jpg",540,340,true],"covernews-medium-square":["https:\/\/centronoticias.com.ar\/portal\/wp-content\/uploads\/2025\/06\/operacion-inedita-400x250.jpg",400,250,true]},"author_info":{"info":["Roberto Jourd\u00e1n"]},"category_info":"<a href=\"https:\/\/centronoticias.com.ar\/portal\/category\/intgen\/\" rel=\"category tag\">Inter\u00e9s General<\/a>","tag_info":"Inter\u00e9s General","comment_count":"0","_links":{"self":[{"href":"https:\/\/centronoticias.com.ar\/portal\/wp-json\/wp\/v2\/posts\/3494","targetHints":{"allow":["GET"]}}],"collection":[{"href":"https:\/\/centronoticias.com.ar\/portal\/wp-json\/wp\/v2\/posts"}],"about":[{"href":"https:\/\/centronoticias.com.ar\/portal\/wp-json\/wp\/v2\/types\/post"}],"author":[{"embeddable":true,"href":"https:\/\/centronoticias.com.ar\/portal\/wp-json\/wp\/v2\/users\/3"}],"replies":[{"embeddable":true,"href":"https:\/\/centronoticias.com.ar\/portal\/wp-json\/wp\/v2\/comments?post=3494"}],"version-history":[{"count":2,"href":"https:\/\/centronoticias.com.ar\/portal\/wp-json\/wp\/v2\/posts\/3494\/revisions"}],"predecessor-version":[{"id":3498,"href":"https:\/\/centronoticias.com.ar\/portal\/wp-json\/wp\/v2\/posts\/3494\/revisions\/3498"}],"wp:featuredmedia":[{"embeddable":true,"href":"https:\/\/centronoticias.com.ar\/portal\/wp-json\/wp\/v2\/media\/3495"}],"wp:attachment":[{"href":"https:\/\/centronoticias.com.ar\/portal\/wp-json\/wp\/v2\/media?parent=3494"}],"wp:term":[{"taxonomy":"category","embeddable":true,"href":"https:\/\/centronoticias.com.ar\/portal\/wp-json\/wp\/v2\/categories?post=3494"},{"taxonomy":"post_tag","embeddable":true,"href":"https:\/\/centronoticias.com.ar\/portal\/wp-json\/wp\/v2\/tags?post=3494"}],"curies":[{"name":"wp","href":"https:\/\/api.w.org\/{rel}","templated":true}]}}