{"id":3492,"date":"2025-06-10T00:04:41","date_gmt":"2025-06-10T03:04:41","guid":{"rendered":"https:\/\/centronoticias.com.ar\/portal\/?p=3492"},"modified":"2025-06-10T00:14:30","modified_gmt":"2025-06-10T03:14:30","slug":"trail-aventura-atletas-de-san-salvador-compitieron-en-concordia","status":"publish","type":"post","link":"https:\/\/centronoticias.com.ar\/portal\/trail-aventura-atletas-de-san-salvador-compitieron-en-concordia\/","title":{"rendered":"Trail aventura &#8211; Atletas de San Salvador compitieron en Concordia"},"content":{"rendered":"\n<p class=\"has-medium-font-size\">El trail Aventura en La Ang\u00e9lica se corri\u00f3 el domingo 8 de junio desde las 11 horas. La sede es Establecimiento &#8220;La Ang\u00e9lica&#8221;que se prepara para los festejos de sus 125 a\u00f1os.<\/p>\n\n\n\n<p class=\"has-medium-font-size\">El trail Aventura en La Ang\u00e9lica cumpli\u00f3 con las expectativas de los atletas: diversi\u00f3n, barro, agua, senderos , arroyos , quintas y una sede que lo tiene todo.<\/p>\n\n\n\n<blockquote class=\"wp-block-quote is-layout-flow wp-block-quote-is-layout-flow\">\n<p class=\"has-medium-font-size\">&#8220;<em>Estamos muy felices, m\u00e1s de 750 registros de participantes para la segunda edici\u00f3n del Trail Aventura Concordia en el Establecimiento La Ang\u00e9lica&#8221; expresaron desde la organizaci\u00f3n.<\/em><\/p>\n<\/blockquote>\n\n\n\n<p class=\"has-medium-font-size\">Centro Noticias publica los resultados de los competidores de nuestra regi\u00f3n.<\/p>\n\n\n\n<figure class=\"wp-block-image size-full\"><a href=\"https:\/\/centronoticias.com.ar\/portal\/wp-content\/uploads\/2025\/06\/ivana-segovia-cdia.jpg\"><img decoding=\"async\" width=\"960\" height=\"914\" src=\"https:\/\/centronoticias.com.ar\/portal\/wp-content\/uploads\/2025\/06\/ivana-segovia-cdia.jpg\" alt=\"\" class=\"wp-image-3505\" srcset=\"https:\/\/centronoticias.com.ar\/portal\/wp-content\/uploads\/2025\/06\/ivana-segovia-cdia.jpg 960w, https:\/\/centronoticias.com.ar\/portal\/wp-content\/uploads\/2025\/06\/ivana-segovia-cdia-300x286.jpg 300w, https:\/\/centronoticias.com.ar\/portal\/wp-content\/uploads\/2025\/06\/ivana-segovia-cdia-768x731.jpg 768w\" sizes=\"(max-width: 960px) 100vw, 960px\" \/><\/a><figcaption class=\"wp-element-caption\">Ivana Segovia se impuso en su categor\u00eda. <\/figcaption><\/figure>\n\n\n\n<p><strong>GENERAL 10 KM<\/strong><\/p>\n\n\n\n<p>8\u00b0 SEGOVIA, IVANA (SAN SALVADOR) MUJER 35\/39 0:59:55 (1\u00b0 en la cat.)<\/p>\n\n\n\n<p>26\u00b0 DELLA BRUNA, ANDREA (SAN SALVADOR) MUJER 30\/34 1:06:34 (6\u00b0 en la cat.)<\/p>\n\n\n\n<p>31\u00b0 SANCHEZ, GLADYS (SAN SALVADOR)\u00a0 MUJER 35\/39\u00a0\u00a0\u00a0\u00a0\u00a0\u00a0\u00a0 1:08:23 (6\u00b0 en la cat.)<\/p>\n\n\n\n<p>33\u00b0 QUINTERO, MONICA (JUBILEO) MUJER 50\/54\u00a0\u00a0\u00a0\u00a0 1:08:58 (3\u00b0 en la cat.)<\/p>\n\n\n\n<p>42\u00b0 ALVAREZ, BELU (SAN SALVADOR)&nbsp;&nbsp;&nbsp; MUJER 25\/29&nbsp;&nbsp;&nbsp;&nbsp; 1:10:01 (3\u00b0 en la cat.)<\/p>\n\n\n\n<p>55\u00b0 ARANDA, MICAELA (JUBILEO) MUJER 30\/34\u00a0\u00a0\u00a0\u00a0\u00a0\u00a0 1:12:14 (9\u00b0 en al cat.)<\/p>\n\n\n\n<p>64\u00b0 ZARZA, MAXIMILIANO (SAN SALVADOR) VARON 30\/34 1:01:38 (12\u00b0 en la cat.)<\/p>\n\n\n\n<figure class=\"wp-block-image size-full\"><a href=\"https:\/\/centronoticias.com.ar\/portal\/wp-content\/uploads\/2025\/06\/patricia-migueles-cdia.jpg\"><img decoding=\"async\" width=\"600\" height=\"800\" src=\"https:\/\/centronoticias.com.ar\/portal\/wp-content\/uploads\/2025\/06\/patricia-migueles-cdia.jpg\" alt=\"\" class=\"wp-image-3508\" srcset=\"https:\/\/centronoticias.com.ar\/portal\/wp-content\/uploads\/2025\/06\/patricia-migueles-cdia.jpg 600w, https:\/\/centronoticias.com.ar\/portal\/wp-content\/uploads\/2025\/06\/patricia-migueles-cdia-225x300.jpg 225w\" sizes=\"(max-width: 600px) 100vw, 600px\" \/><\/a><figcaption class=\"wp-element-caption\">Patricia Migueles muestra la copa. Segunda en la General. <\/figcaption><\/figure>\n\n\n\n<p><strong>GENERAL 5 KM<\/strong><\/p>\n\n\n\n<p>2\u00ba\u00a0\u00a0\u00a0\u00a0\u00a0MIGUELES, PATRICIA\u00a0\u00a0\u00a0 (SAN SALVADOR)  MUJER 55\/59\u00a0\u00a0\u00a0\u00a0\u00a0\u00a0\u00a0\u00a0\u00a0\u00a00:35:22 (1\u00b0 en la cat.)<\/p>\n\n\n\n<p>14\u00ba\u00a0\u00a0\u00a0\u00a0GOMEZ, EMILCE NOEMI (SAN SALVADOR)  MUJER 30\/34\u00a0\u00a0\u00a0\u00a0\u00a0\u00a0\u00a00:38:35 (2\u00b0 en la cat.)<\/p>\n\n\n\n<p>33\u00ba\u00a0\u00a0\u00a0\u00a0MOHR, VERONICA SOLEDAD (JUBILEO)  MUJER 30\/34\u00a0\u00a0\u00a0      0:42:55 (8\u00b0 en la cat.)<\/p>\n\n\n\n<p>39\u00ba\u00a0\u00a0\u00a0\u00a0DELLA BRUNA, BIBIANA (JUBILEO)  MUJER 30\/34                 0:43:35 (10\u00b0 en la cat.)<\/p>\n\n\n\n<p>47\u00ba\u00a0\u00a0\u00a0IGLESIAS, MICAELA (SAN SALVADOR)\u00a0\u00a0\u00a0\u00a0 MUJER 25\/29\u00a0\u00a0\u00a0\u00a0      0:45:00 (4\u00b0 en la cat.)<\/p>\n\n\n\n<p>72\u00ba\u00a0\u00a0\u00a0BENITEZ, VERONICA\u00a0\u00a0\u00a0\u00a0\u00a0(SAN SALVADOR)\u00a0\u00a0\u00a0\u00a0\u00a0\u00a0MUJER 45\/49\u00a0\u00a0\u00a0 0:48:28 (14\u00b0 en la cat.)<\/p>\n\n\n\n<p>19\u00ba\u00a0\u00a0\u00a0REY, MARTIN ADRIAN\u00a0\u00a0 (SAN SALVADOR)  VARON 45\/49\u00a0\u00a0\u00a0\u00a0\u00a0\u00a0\u00a0\u00a0\u00a0 0:32:04 (3\u00b0 en la cat.)<\/p>\n\n\n\n<p>26\u00ba\u00a0\u00a0\u00a0SEGOVIA, DEMETRIO (SAN SALVADOR)\u00a0\u00a0\u00a0\u00a0\u00a0\u00a0\u00a0VARON 55\/59\u00a0   \u00a0\u00a0 0:34:26 (2\u00b0 en la cat.)<\/p>\n\n\n\n<figure class=\"wp-block-image size-full\"><a href=\"https:\/\/centronoticias.com.ar\/portal\/wp-content\/uploads\/2025\/06\/sansa-en-cdia.jpg\"><img decoding=\"async\" width=\"1024\" height=\"768\" src=\"https:\/\/centronoticias.com.ar\/portal\/wp-content\/uploads\/2025\/06\/sansa-en-cdia.jpg\" alt=\"\" class=\"wp-image-3511\" srcset=\"https:\/\/centronoticias.com.ar\/portal\/wp-content\/uploads\/2025\/06\/sansa-en-cdia.jpg 1024w, https:\/\/centronoticias.com.ar\/portal\/wp-content\/uploads\/2025\/06\/sansa-en-cdia-300x225.jpg 300w, https:\/\/centronoticias.com.ar\/portal\/wp-content\/uploads\/2025\/06\/sansa-en-cdia-768x576.jpg 768w\" sizes=\"(max-width: 1024px) 100vw, 1024px\" \/><\/a><figcaption class=\"wp-element-caption\">Algunos de los sansalvadore\u00f1os que corrieron en Concordia. <\/figcaption><\/figure>\n","protected":false},"excerpt":{"rendered":"<p>El trail Aventura en La Ang\u00e9lica se corri\u00f3 el domingo 8 de junio desde las&#8230;<\/p>\n","protected":false},"author":3,"featured_media":3503,"comment_status":"closed","ping_status":"open","sticky":false,"template":"","format":"standard","meta":{"footnotes":""},"categories":[6],"tags":[],"class_list":["post-3492","post","type-post","status-publish","format-standard","has-post-thumbnail","hentry","category-dep-0"],"featured_image_urls":{"full":["https:\/\/centronoticias.com.ar\/portal\/wp-content\/uploads\/2025\/06\/trail-concordia-rey.jpg",1024,683,false],"thumbnail":["https:\/\/centronoticias.com.ar\/portal\/wp-content\/uploads\/2025\/06\/trail-concordia-rey-150x150.jpg",150,150,true],"medium":["https:\/\/centronoticias.com.ar\/portal\/wp-content\/uploads\/2025\/06\/trail-concordia-rey-300x200.jpg",300,200,true],"medium_large":["https:\/\/centronoticias.com.ar\/portal\/wp-content\/uploads\/2025\/06\/trail-concordia-rey-768x512.jpg",640,427,true],"large":["https:\/\/centronoticias.com.ar\/portal\/wp-content\/uploads\/2025\/06\/trail-concordia-rey.jpg",640,427,false],"1536x1536":["https:\/\/centronoticias.com.ar\/portal\/wp-content\/uploads\/2025\/06\/trail-concordia-rey.jpg",1024,683,false],"2048x2048":["https:\/\/centronoticias.com.ar\/portal\/wp-content\/uploads\/2025\/06\/trail-concordia-rey.jpg",1024,683,false],"covernews-slider-full":["https:\/\/centronoticias.com.ar\/portal\/wp-content\/uploads\/2025\/06\/trail-concordia-rey.jpg",1024,683,false],"covernews-slider-center":["https:\/\/centronoticias.com.ar\/portal\/wp-content\/uploads\/2025\/06\/trail-concordia-rey-800x500.jpg",800,500,true],"covernews-featured":["https:\/\/centronoticias.com.ar\/portal\/wp-content\/uploads\/2025\/06\/trail-concordia-rey.jpg",1024,683,false],"covernews-medium":["https:\/\/centronoticias.com.ar\/portal\/wp-content\/uploads\/2025\/06\/trail-concordia-rey-540x340.jpg",540,340,true],"covernews-medium-square":["https:\/\/centronoticias.com.ar\/portal\/wp-content\/uploads\/2025\/06\/trail-concordia-rey-400x250.jpg",400,250,true]},"author_info":{"info":["Roberto Jourd\u00e1n"]},"category_info":"<a href=\"https:\/\/centronoticias.com.ar\/portal\/category\/dep-0\/\" rel=\"category tag\">Deportes<\/a>","tag_info":"Deportes","comment_count":"0","_links":{"self":[{"href":"https:\/\/centronoticias.com.ar\/portal\/wp-json\/wp\/v2\/posts\/3492","targetHints":{"allow":["GET"]}}],"collection":[{"href":"https:\/\/centronoticias.com.ar\/portal\/wp-json\/wp\/v2\/posts"}],"about":[{"href":"https:\/\/centronoticias.com.ar\/portal\/wp-json\/wp\/v2\/types\/post"}],"author":[{"embeddable":true,"href":"https:\/\/centronoticias.com.ar\/portal\/wp-json\/wp\/v2\/users\/3"}],"replies":[{"embeddable":true,"href":"https:\/\/centronoticias.com.ar\/portal\/wp-json\/wp\/v2\/comments?post=3492"}],"version-history":[{"count":8,"href":"https:\/\/centronoticias.com.ar\/portal\/wp-json\/wp\/v2\/posts\/3492\/revisions"}],"predecessor-version":[{"id":3512,"href":"https:\/\/centronoticias.com.ar\/portal\/wp-json\/wp\/v2\/posts\/3492\/revisions\/3512"}],"wp:featuredmedia":[{"embeddable":true,"href":"https:\/\/centronoticias.com.ar\/portal\/wp-json\/wp\/v2\/media\/3503"}],"wp:attachment":[{"href":"https:\/\/centronoticias.com.ar\/portal\/wp-json\/wp\/v2\/media?parent=3492"}],"wp:term":[{"taxonomy":"category","embeddable":true,"href":"https:\/\/centronoticias.com.ar\/portal\/wp-json\/wp\/v2\/categories?post=3492"},{"taxonomy":"post_tag","embeddable":true,"href":"https:\/\/centronoticias.com.ar\/portal\/wp-json\/wp\/v2\/tags?post=3492"}],"curies":[{"name":"wp","href":"https:\/\/api.w.org\/{rel}","templated":true}]}}