{"id":3489,"date":"2025-06-09T20:15:16","date_gmt":"2025-06-09T23:15:16","guid":{"rendered":"https:\/\/centronoticias.com.ar\/portal\/?p=3489"},"modified":"2025-06-09T20:15:17","modified_gmt":"2025-06-09T23:15:17","slug":"mas-de-800-trabajadores-publicos-se-capacitaran-para-avanzar-en-la-digitalizacion-del-estado-entrerriano","status":"publish","type":"post","link":"https:\/\/centronoticias.com.ar\/portal\/mas-de-800-trabajadores-publicos-se-capacitaran-para-avanzar-en-la-digitalizacion-del-estado-entrerriano\/","title":{"rendered":"M\u00e1s de 800 trabajadores p\u00fablicos se capacitar\u00e1n para avanzar en la digitalizaci\u00f3n del Estado entrerriano"},"content":{"rendered":"\n<p class=\"has-medium-font-size\"><strong>El Gobierno de Entre R\u00edos anunci\u00f3 nuevas capacitaciones en Sistema de Gesti\u00f3n Documental Electr\u00f3nica (GDE), una iniciativa clave para la modernizaci\u00f3n de la Administraci\u00f3n P\u00fablica. En esta etapa se capacitar\u00e1 a m\u00e1s de 800 trabajadores. Los cursos comienzan el 10 de junio y se realizar\u00e1n en la sede de UPCN. Tambi\u00e9n habr\u00e1 instancias virtuales.<\/strong><\/p>\n\n\n\n<p class=\"has-medium-font-size\">Este nuevo ciclo de capacitaciones, que es impulsado por la Secretar\u00eda de Modernizaci\u00f3n -bajo la \u00f3rbita de la Secretar\u00eda General de la Gobernaci\u00f3n- y la Secretar\u00eda de Trabajo, apunta a brindarles a los trabajadores estatales las habilidades necesarias para manejar documentos y expedientes de forma digital, con plena validez legal, mejorando la trazabilidad y reduciendo el uso de papel.&nbsp;<\/p>\n\n\n\n<p class=\"has-medium-font-size\">El curso, dise\u00f1ado para un uso efectivo y seguro del sistema desde sus primeras etapas, se enfocar\u00e1 en los tres m\u00f3dulos iniciales a implementar: Comunicaciones Oficiales (CCOO), Generador Electr\u00f3nico de Documentos Oficiales (GEDO) y Expediente Electr\u00f3nico (EE).&nbsp;<\/p>\n\n\n\n<p class=\"has-medium-font-size\">En esta primera etapa, la convocatoria est\u00e1 dirigida a aquellos organismos que ya cuentan con usuarios habilitados en GDE y poseen las condiciones t\u00e9cnicas y organizativas para comenzar a utilizarlo. Esto permitir\u00e1 una respuesta inmediata a la necesidad de formaci\u00f3n en los sectores con mayor avance en la implementaci\u00f3n del sistema.<\/p>\n\n\n\n<p class=\"has-medium-font-size\">La Secretar\u00eda de Modernizaci\u00f3n ya contempla futuras instancias de capacitaci\u00f3n para asegurar la inclusi\u00f3n progresiva de todos los organismos de la provincia.<\/p>\n\n\n\n<p class=\"has-medium-font-size\">El curso comprende dos encuentros semanales, con una duraci\u00f3n de una hora y media cada uno (de 8:30 a 10:00), y se extender\u00e1 durante cinco semanas consecutivas a partir del 10 de junio.&nbsp;<\/p>\n\n\n\n<p class=\"has-medium-font-size\">Las primeras cuatro semanas de formaci\u00f3n ser\u00e1n presenciales en la sede de la Uni\u00f3n Personal Civil de la Naci\u00f3n (UPCN), ubicada en calle Santa Fe 463 de la ciudad de Paran\u00e1. La quinta y \u00faltima semana se dictar\u00e1 en modalidad virtual (a trav\u00e9s de Google Meet), con el fin de capacitar a los organismos que se encuentren fuera de la capital entrerriana y no puedan asistir de forma presencial.&nbsp;<\/p>\n\n\n\n<p class=\"has-medium-font-size\">Se estima capacitar a un total de 810 trabajadores de la Administraci\u00f3n P\u00fablica Provincial en esta primera instancia. M\u00e1s informaci\u00f3n sobre fechas, organismos e inscripciones en&nbsp;<a href=\"http:\/\/entrerios.gov.ar\/modernizacion\">entrerios.gov.ar\/modernizacion<\/a><\/p>\n","protected":false},"excerpt":{"rendered":"<p>El Gobierno de Entre R\u00edos anunci\u00f3 nuevas capacitaciones en Sistema de Gesti\u00f3n Documental Electr\u00f3nica (GDE),&#8230;<\/p>\n","protected":false},"author":3,"featured_media":3491,"comment_status":"closed","ping_status":"open","sticky":false,"template":"","format":"standard","meta":{"footnotes":""},"categories":[21],"tags":[],"class_list":["post-3489","post","type-post","status-publish","format-standard","has-post-thumbnail","hentry","category-provinciales"],"featured_image_urls":{"full":["https:\/\/centronoticias.com.ar\/portal\/wp-content\/uploads\/2025\/06\/empleados-publicos.jpg",800,534,false],"thumbnail":["https:\/\/centronoticias.com.ar\/portal\/wp-content\/uploads\/2025\/06\/empleados-publicos-150x150.jpg",150,150,true],"medium":["https:\/\/centronoticias.com.ar\/portal\/wp-content\/uploads\/2025\/06\/empleados-publicos-300x200.jpg",300,200,true],"medium_large":["https:\/\/centronoticias.com.ar\/portal\/wp-content\/uploads\/2025\/06\/empleados-publicos-768x513.jpg",640,428,true],"large":["https:\/\/centronoticias.com.ar\/portal\/wp-content\/uploads\/2025\/06\/empleados-publicos.jpg",640,427,false],"1536x1536":["https:\/\/centronoticias.com.ar\/portal\/wp-content\/uploads\/2025\/06\/empleados-publicos.jpg",800,534,false],"2048x2048":["https:\/\/centronoticias.com.ar\/portal\/wp-content\/uploads\/2025\/06\/empleados-publicos.jpg",800,534,false],"covernews-slider-full":["https:\/\/centronoticias.com.ar\/portal\/wp-content\/uploads\/2025\/06\/empleados-publicos.jpg",800,534,false],"covernews-slider-center":["https:\/\/centronoticias.com.ar\/portal\/wp-content\/uploads\/2025\/06\/empleados-publicos-800x500.jpg",800,500,true],"covernews-featured":["https:\/\/centronoticias.com.ar\/portal\/wp-content\/uploads\/2025\/06\/empleados-publicos.jpg",800,534,false],"covernews-medium":["https:\/\/centronoticias.com.ar\/portal\/wp-content\/uploads\/2025\/06\/empleados-publicos-540x340.jpg",540,340,true],"covernews-medium-square":["https:\/\/centronoticias.com.ar\/portal\/wp-content\/uploads\/2025\/06\/empleados-publicos-400x250.jpg",400,250,true]},"author_info":{"info":["Roberto Jourd\u00e1n"]},"category_info":"<a href=\"https:\/\/centronoticias.com.ar\/portal\/category\/provinciales\/\" rel=\"category tag\">Provinciales<\/a>","tag_info":"Provinciales","comment_count":"0","_links":{"self":[{"href":"https:\/\/centronoticias.com.ar\/portal\/wp-json\/wp\/v2\/posts\/3489","targetHints":{"allow":["GET"]}}],"collection":[{"href":"https:\/\/centronoticias.com.ar\/portal\/wp-json\/wp\/v2\/posts"}],"about":[{"href":"https:\/\/centronoticias.com.ar\/portal\/wp-json\/wp\/v2\/types\/post"}],"author":[{"embeddable":true,"href":"https:\/\/centronoticias.com.ar\/portal\/wp-json\/wp\/v2\/users\/3"}],"replies":[{"embeddable":true,"href":"https:\/\/centronoticias.com.ar\/portal\/wp-json\/wp\/v2\/comments?post=3489"}],"version-history":[{"count":1,"href":"https:\/\/centronoticias.com.ar\/portal\/wp-json\/wp\/v2\/posts\/3489\/revisions"}],"predecessor-version":[{"id":3490,"href":"https:\/\/centronoticias.com.ar\/portal\/wp-json\/wp\/v2\/posts\/3489\/revisions\/3490"}],"wp:featuredmedia":[{"embeddable":true,"href":"https:\/\/centronoticias.com.ar\/portal\/wp-json\/wp\/v2\/media\/3491"}],"wp:attachment":[{"href":"https:\/\/centronoticias.com.ar\/portal\/wp-json\/wp\/v2\/media?parent=3489"}],"wp:term":[{"taxonomy":"category","embeddable":true,"href":"https:\/\/centronoticias.com.ar\/portal\/wp-json\/wp\/v2\/categories?post=3489"},{"taxonomy":"post_tag","embeddable":true,"href":"https:\/\/centronoticias.com.ar\/portal\/wp-json\/wp\/v2\/tags?post=3489"}],"curies":[{"name":"wp","href":"https:\/\/api.w.org\/{rel}","templated":true}]}}