{"id":3481,"date":"2025-06-09T19:52:03","date_gmt":"2025-06-09T22:52:03","guid":{"rendered":"https:\/\/centronoticias.com.ar\/portal\/?p=3481"},"modified":"2025-06-09T20:05:41","modified_gmt":"2025-06-09T23:05:41","slug":"micael-bogado-anoto-el-primer-gol-de-gimnasia-en-el-triunfo-ante-independiente-de-chivilcoy","status":"publish","type":"post","link":"https:\/\/centronoticias.com.ar\/portal\/micael-bogado-anoto-el-primer-gol-de-gimnasia-en-el-triunfo-ante-independiente-de-chivilcoy\/","title":{"rendered":"Micael Bogado anot\u00f3 el primer gol de Gimnasia en el triunfo ante independiente de Chivilcoy"},"content":{"rendered":"\n<p class=\"has-medium-font-size\">Por la 13\u00b0 fecha del Federal \u201cA\u201d Gimnasia y Esgrima derrot\u00f3 3 a 0 como local a Independiente de Chivilcoy. Foto: El jugador de San Salvador, Micael Bogado (9), ya sac\u00f3 el remate cruzado que fue gol y abri\u00f3 el camino del triunfo del \u201clobo entrerriano\u201d.<\/p>\n\n\n\n<p class=\"has-medium-font-size\">El Lobo uruguayense derrot\u00f3 3 a 0 a Independiente de Chivilcoy por la decimotercera fecha del Torneo Federal \u201cA\u201d. Fue otra victoria important\u00edsima, la segunda consecutiva de local, para salir del fondo y meterse en zona de clasificaci\u00f3n. Micael Bogado, Agust\u00edn Garc\u00eda de penal y Dami\u00e1n Baltor\u00e9, fueron los autores de los goles para el elenco que es dirigido por \u00c1ngel G\u00f3mez.<\/p>\n\n\n\n<p class=\"has-medium-font-size\">&#8220;Transcurr\u00edan 24\u00b4cuando Germanier gan\u00f3 por el centro a pura velocidad y cedi\u00f3 para la llegada de Bogado, que sac\u00f3 un remate de derecha cruzado que dej\u00f3 sin nada que hacer a Ratal\u00edn. El Lobo con el gol gan\u00f3 en confianza, y segu\u00eda desequilibrando con Garc\u00eda y Bogado&#8221; inform\u00f3 el Diario La Calle.&nbsp;<\/p>\n\n\n\n<figure class=\"wp-block-image size-large\"><a href=\"https:\/\/centronoticias.com.ar\/portal\/wp-content\/uploads\/2025\/06\/bogado-a-independiente.jpeg\"><img decoding=\"async\" width=\"1003\" height=\"1024\" src=\"https:\/\/centronoticias.com.ar\/portal\/wp-content\/uploads\/2025\/06\/bogado-a-independiente-1003x1024.jpeg\" alt=\"\" class=\"wp-image-3486\" srcset=\"https:\/\/centronoticias.com.ar\/portal\/wp-content\/uploads\/2025\/06\/bogado-a-independiente-1003x1024.jpeg 1003w, https:\/\/centronoticias.com.ar\/portal\/wp-content\/uploads\/2025\/06\/bogado-a-independiente-294x300.jpeg 294w, https:\/\/centronoticias.com.ar\/portal\/wp-content\/uploads\/2025\/06\/bogado-a-independiente-768x784.jpeg 768w, https:\/\/centronoticias.com.ar\/portal\/wp-content\/uploads\/2025\/06\/bogado-a-independiente-1024x1045.jpeg 1024w, https:\/\/centronoticias.com.ar\/portal\/wp-content\/uploads\/2025\/06\/bogado-a-independiente.jpeg 1076w\" sizes=\"(max-width: 1003px) 100vw, 1003px\" \/><\/a><figcaption class=\"wp-element-caption\">Bogado festeja el primer gol del lobo.<\/figcaption><\/figure>\n\n\n\n<p class=\"has-medium-font-size\">S\u00edntesis<\/p>\n\n\n\n<p class=\"has-medium-font-size\"><strong>Gimnasia y Esgrima (CDU) 3:<\/strong>&nbsp;Pedro Bravo; Juan Casares, Jonathan Ben\u00edtez, Daniel Meza,&nbsp; Lucas Basualdo; Lautaro Altamirano, Agust\u00edn Favre, Pablo Hofstetter, Micael Bogado; Agust\u00edn Garc\u00eda y Nicol\u00e1s Germanier. DT: Angel G\u00f3mez.<\/p>\n\n\n\n<p class=\"has-medium-font-size\"><strong>Independiente (Chivilcoy) 0:<\/strong>&nbsp;Gabriel Ratalin; Lautaro Guerra, Valent\u00edn Ciancio,&nbsp; Emanuel Cabrera, Leonel Aquino; Alan Sosa, Facundo Giacone, Nicol\u00e1s D\u2019 annunzio, Tom\u00e1s Rodr\u00edguez; Walter Romero y Mart\u00edn Schlottauer. DT: Luciano Abalos .<\/p>\n\n\n\n<p class=\"has-medium-font-size\"><strong>Goles:<\/strong>&nbsp;PT 25\u2019 Bogado, 30\u00b4 Garc\u00eda (penal) y ST 26\u2019 Baltor\u00e9 (GyE).<\/p>\n\n\n\n<p class=\"has-medium-font-size\"><strong>Cambios en Gimnasia (CDU):<\/strong>&nbsp;ST 24\u2019 Ariel Gonzalez por Basualdo y Dami\u00e1n Baltor\u00e9 por Garc\u00eda, 29\u2019 Alejo Mainero por Bogado, 36\u2019 Facundo Cima por Altamirano y Johan Laureiro por Hoffstetter.<\/p>\n\n\n\n<p class=\"has-medium-font-size\"><strong>No ingresaron<\/strong>: Bautista Echeverry y Sebasti\u00e1n Malimberni.<\/p>\n\n\n\n<p class=\"has-medium-font-size\"><strong>Cambios en Independiente:<\/strong>&nbsp;ST 8\u2019 Enzo Ben\u00edtez por Aquino y Lautaro C\u00e1ceres por Giacone, 27\u2019&nbsp; Isa\u00edas Bai por D\u2019 annunzio, 38\u2019 Gianfranco Bonguorno por Sosa y Luciano Valenti por Schlottauer.<\/p>\n\n\n\n<p class=\"has-medium-font-size\"><strong>No ingresaron:<\/strong>&nbsp;Agust\u00edn Burello y Enzo C\u00e1ceres.<\/p>\n\n\n\n<p class=\"has-medium-font-size\">Amonestados en Gimnasia (CDU): Bravo.<\/p>\n\n\n\n<p class=\"has-medium-font-size\">Amonestados en Independiente: Aquino y Guerra.<\/p>\n\n\n\n<p class=\"has-medium-font-size\">\u00c1rbitro: Matias Ezequiel Billone Carpio (C\u00f3rdoba).<\/p>\n\n\n\n<p class=\"has-medium-font-size\">Asistente 1: Emanuel Jose Serale&nbsp; (C\u00f3rdoba).<\/p>\n\n\n\n<p class=\"has-medium-font-size\">Asistente 2: Matias Javier Gonzalez&nbsp; (San Francisco).<\/p>\n\n\n\n<p class=\"has-medium-font-size\">Cuarto \u00e1rbitro: Mario Facundo Rojo Casal (De\u00e1n F\u00fanes).<\/p>\n\n\n\n<p class=\"has-medium-font-size\"><strong>Todos los resultados. Fecha 14- Zona 3.<\/strong><\/p>\n\n\n\n<p class=\"has-medium-font-size\">9 de Julio (Rafaela) 3 \u2013 1 Sp. Belgrano (San Fco).<\/p>\n\n\n\n<p class=\"has-medium-font-size\">Defensores de Belgrano (VR) 1\u2013 1 Douglas Haig (Pergamino).<\/p>\n\n\n\n<p class=\"has-medium-font-size\">El Linque\u00f1o 1 \u2013 0 Ben Hur (Rafaela).<\/p>\n\n\n\n<p class=\"has-medium-font-size\">Gimnasia (Chivilcoy) 2 \u2013 2 Sp. Las Parejas.<\/p>\n\n\n\n<p class=\"has-medium-font-size\">Gimnasia (CDU) 3 \u2013 0 Independiente (Chivilcoy).<\/p>\n\n\n\n<p class=\"has-medium-font-size\"><strong>Posiciones:<\/strong>&nbsp;Sp. Belgrano 24, Douglas Haig 23, Gimnasia (Chivilcoy) 22, Independiente (CH) 17, Gimnasia (CDU) 16, Defensores de Belgrano (VR) 16, 9 de Julio (Rafaela) 15, Ben Hur 13, El Linque\u00f1o 13 y Sp. Las Parejas 12.<\/p>\n\n\n\n<p class=\"has-medium-font-size\"><strong>Pr\u00f3xima fecha 14\u00b0.<\/strong><\/p>\n\n\n\n<p class=\"has-medium-font-size\">Douglas Haig \u2013 Gimnasia (CDU).<\/p>\n\n\n\n<p class=\"has-medium-font-size\">Sp Belgrano (S Fco) \u2013 Gimnasia (CH).<\/p>\n\n\n\n<p class=\"has-medium-font-size\">Independiente (CH) \u2013 9 de Julio (R).<\/p>\n\n\n\n<p class=\"has-medium-font-size\">Sp. Las Parejas \u2013 El Linque\u00f1o.<\/p>\n\n\n\n<p class=\"has-medium-font-size\">Ben Hur \u2013 Defensores de Belgrano (VR).<\/p>\n","protected":false},"excerpt":{"rendered":"<p>Por la 13\u00b0 fecha del Federal \u201cA\u201d Gimnasia y Esgrima derrot\u00f3 3 a 0 como&#8230;<\/p>\n","protected":false},"author":3,"featured_media":3482,"comment_status":"closed","ping_status":"open","sticky":false,"template":"","format":"standard","meta":{"footnotes":""},"categories":[6],"tags":[],"class_list":["post-3481","post","type-post","status-publish","format-standard","has-post-thumbnail","hentry","category-dep-0"],"featured_image_urls":{"full":["https:\/\/centronoticias.com.ar\/portal\/wp-content\/uploads\/2025\/06\/gol-bogado-a-indep.jpg",900,375,false],"thumbnail":["https:\/\/centronoticias.com.ar\/portal\/wp-content\/uploads\/2025\/06\/gol-bogado-a-indep-150x150.jpg",150,150,true],"medium":["https:\/\/centronoticias.com.ar\/portal\/wp-content\/uploads\/2025\/06\/gol-bogado-a-indep-300x125.jpg",300,125,true],"medium_large":["https:\/\/centronoticias.com.ar\/portal\/wp-content\/uploads\/2025\/06\/gol-bogado-a-indep-768x320.jpg",640,267,true],"large":["https:\/\/centronoticias.com.ar\/portal\/wp-content\/uploads\/2025\/06\/gol-bogado-a-indep.jpg",640,267,false],"1536x1536":["https:\/\/centronoticias.com.ar\/portal\/wp-content\/uploads\/2025\/06\/gol-bogado-a-indep.jpg",900,375,false],"2048x2048":["https:\/\/centronoticias.com.ar\/portal\/wp-content\/uploads\/2025\/06\/gol-bogado-a-indep.jpg",900,375,false],"covernews-slider-full":["https:\/\/centronoticias.com.ar\/portal\/wp-content\/uploads\/2025\/06\/gol-bogado-a-indep.jpg",900,375,false],"covernews-slider-center":["https:\/\/centronoticias.com.ar\/portal\/wp-content\/uploads\/2025\/06\/gol-bogado-a-indep-800x375.jpg",800,375,true],"covernews-featured":["https:\/\/centronoticias.com.ar\/portal\/wp-content\/uploads\/2025\/06\/gol-bogado-a-indep.jpg",900,375,false],"covernews-medium":["https:\/\/centronoticias.com.ar\/portal\/wp-content\/uploads\/2025\/06\/gol-bogado-a-indep-540x340.jpg",540,340,true],"covernews-medium-square":["https:\/\/centronoticias.com.ar\/portal\/wp-content\/uploads\/2025\/06\/gol-bogado-a-indep-400x250.jpg",400,250,true]},"author_info":{"info":["Roberto Jourd\u00e1n"]},"category_info":"<a href=\"https:\/\/centronoticias.com.ar\/portal\/category\/dep-0\/\" rel=\"category tag\">Deportes<\/a>","tag_info":"Deportes","comment_count":"0","_links":{"self":[{"href":"https:\/\/centronoticias.com.ar\/portal\/wp-json\/wp\/v2\/posts\/3481","targetHints":{"allow":["GET"]}}],"collection":[{"href":"https:\/\/centronoticias.com.ar\/portal\/wp-json\/wp\/v2\/posts"}],"about":[{"href":"https:\/\/centronoticias.com.ar\/portal\/wp-json\/wp\/v2\/types\/post"}],"author":[{"embeddable":true,"href":"https:\/\/centronoticias.com.ar\/portal\/wp-json\/wp\/v2\/users\/3"}],"replies":[{"embeddable":true,"href":"https:\/\/centronoticias.com.ar\/portal\/wp-json\/wp\/v2\/comments?post=3481"}],"version-history":[{"count":4,"href":"https:\/\/centronoticias.com.ar\/portal\/wp-json\/wp\/v2\/posts\/3481\/revisions"}],"predecessor-version":[{"id":3488,"href":"https:\/\/centronoticias.com.ar\/portal\/wp-json\/wp\/v2\/posts\/3481\/revisions\/3488"}],"wp:featuredmedia":[{"embeddable":true,"href":"https:\/\/centronoticias.com.ar\/portal\/wp-json\/wp\/v2\/media\/3482"}],"wp:attachment":[{"href":"https:\/\/centronoticias.com.ar\/portal\/wp-json\/wp\/v2\/media?parent=3481"}],"wp:term":[{"taxonomy":"category","embeddable":true,"href":"https:\/\/centronoticias.com.ar\/portal\/wp-json\/wp\/v2\/categories?post=3481"},{"taxonomy":"post_tag","embeddable":true,"href":"https:\/\/centronoticias.com.ar\/portal\/wp-json\/wp\/v2\/tags?post=3481"}],"curies":[{"name":"wp","href":"https:\/\/api.w.org\/{rel}","templated":true}]}}