{"id":3000,"date":"2025-05-18T18:47:50","date_gmt":"2025-05-18T21:47:50","guid":{"rendered":"https:\/\/centronoticias.com.ar\/portal\/?p=3000"},"modified":"2025-05-18T18:47:51","modified_gmt":"2025-05-18T21:47:51","slug":"enersa-trabaja-intensamente-en-toda-la-provincia-tras-el-fuerte-temporal","status":"publish","type":"post","link":"https:\/\/centronoticias.com.ar\/portal\/enersa-trabaja-intensamente-en-toda-la-provincia-tras-el-fuerte-temporal\/","title":{"rendered":"Enersa trabaja intensamente en toda la provincia tras el fuerte temporal"},"content":{"rendered":"\n<p class=\"has-medium-font-size\"><strong>Tras las intensas lluvias y fuertes vientos registrados durante la madrugada y la ma\u00f1ana de hoy, diversas zonas de la provincia de Entre R\u00edos se vieron afectadas por la ca\u00edda de \u00e1rboles, postes y cables, lo que provoc\u00f3 interrupciones en el servicio el\u00e9ctrico. Desde Enersa informaron que los equipos t\u00e9cnicos se encuentran trabajando sin descanso en todos los frentes para restablecer el suministro en el menor tiempo posible.<\/strong><\/p>\n\n\n\n<p class=\"has-medium-font-size\">Las inclemencias clim\u00e1ticas generaron m\u00faltiples inconvenientes, particularmente en \u00e1reas rurales, donde el acceso se vio limitado por caminos cortados debido al desborde de arroyos. Las cuadrillas de la empresa se encuentran desplegadas en los siguientes puntos:<\/p>\n\n\n\n<p class=\"has-medium-font-size\">\u00c1rea Feliciano: los distribuidores Las Toscas y Rural se vieron afectados por postes ca\u00eddos; en la zona urbana de Feliciano, un pino cay\u00f3 sobre la l\u00ednea de baja tensi\u00f3n. Se trabaja activamente en ambos casos.<\/p>\n\n\n\n<p class=\"has-medium-font-size\">\u00c1rea Federal: el distribuidor Mitre result\u00f3 parcialmente afectado por cables cortados debido a la ca\u00edda de un \u00e1rbol, pero ya fue normalizado. Se contin\u00faan atendiendo reclamos rurales aislados.<\/p>\n\n\n\n<p class=\"has-medium-font-size\">Distritos Gualeguay y San Salvador: se registran reclamos rurales a\u00fan pendientes por caminos intransitables y zonas de dif\u00edcil acceso.<\/p>\n\n\n\n<p class=\"has-medium-font-size\">Distrito Bovril: el distribuidor Achiras permanece parcialmente afectado, con aproximadamente 120 usuarios comprometidos.<\/p>\n\n\n\n<p class=\"has-medium-font-size\">Diamante: se reportan cortes en la zona de Colonia Alvear, vinculados al distribuidor Valle Mar\u00eda.<\/p>\n\n\n\n<p class=\"has-medium-font-size\">Paran\u00e1: ya fueron solucionados los inconvenientes en el distribuidor Montiel, cuyo reconectador se encontraba fuera de servicio. Tambi\u00e9n se resolvieron las afectaciones en transformadores ubicados en Juan B\u00e1ez y Bevilacqua, Acebal y Stearns, y Bevilacqua y Luis Noaco.<\/p>\n\n\n\n<h2 class=\"wp-block-heading\"><strong>Adem\u00e1s, Enersa inform\u00f3 que:<\/strong><\/h2>\n\n\n\n<p class=\"has-medium-font-size\">En Nogoy\u00e1, Victoria, Maci\u00e1 (urbano y rural), Lucas Gonz\u00e1lez y Ram\u00edrez, todos los reclamos fueron atendidos entre anoche y esta ma\u00f1ana.<\/p>\n\n\n\n<p class=\"has-medium-font-size\">En Febre (urbano y rural) y Los Charr\u00faas, se contin\u00faa con la atenci\u00f3n de reclamos rurales.<\/p>\n\n\n\n<p class=\"has-medium-font-size\">En Chajar\u00ed y Federaci\u00f3n, el servicio se encuentra normalizado.<\/p>\n\n\n\n<p class=\"has-medium-font-size\">En Ubajay, La Clarita y Primero de Mayo, el sistema de media tensi\u00f3n fue afectado durante la noche, pero actualmente est\u00e1 operativo.<\/p>\n\n\n\n<p class=\"has-medium-font-size\">En la zona de Urdinarrain, algunos reclamos rurales siguen pendientes por falta de acceso.<\/p>\n\n\n\n<p class=\"has-medium-font-size\">En Col\u00f3n, San Jos\u00e9, Villa Elisa y zonas rurales, los reclamos se mantienen dentro de los par\u00e1metros normales.<\/p>\n\n\n\n<p class=\"has-medium-font-size\">En Concepci\u00f3n del Uruguay, se registraron m\u00faltiples reclamos urbanos que est\u00e1n siendo atendidos de forma progresiva.<\/p>\n\n\n\n<p class=\"has-medium-font-size\">Desde la empresa destacaron y agradecieron el esfuerzo, compromiso y vocaci\u00f3n del personal t\u00e9cnico y operativo, que trabaja incansablemente -muchas veces en condiciones clim\u00e1ticas adversas- para garantizar la seguridad y el restablecimiento del servicio a todos los usuarios entrerrianos.<\/p>\n\n\n\n<p class=\"has-medium-font-size\">Finalmente, recordaron a la comunidad que, ante cualquier inconveniente, pueden comunicarse a trav\u00e9s de los canales habituales de contacto.<\/p>\n","protected":false},"excerpt":{"rendered":"<p>Tras las intensas lluvias y fuertes vientos registrados durante la madrugada y la ma\u00f1ana de&#8230;<\/p>\n","protected":false},"author":3,"featured_media":3001,"comment_status":"closed","ping_status":"open","sticky":false,"template":"","format":"standard","meta":{"footnotes":""},"categories":[21],"tags":[],"class_list":["post-3000","post","type-post","status-publish","format-standard","has-post-thumbnail","hentry","category-provinciales"],"featured_image_urls":{"full":["https:\/\/centronoticias.com.ar\/portal\/wp-content\/uploads\/2025\/05\/Enersa-1.jpg",1920,1280,false],"thumbnail":["https:\/\/centronoticias.com.ar\/portal\/wp-content\/uploads\/2025\/05\/Enersa-1-150x150.jpg",150,150,true],"medium":["https:\/\/centronoticias.com.ar\/portal\/wp-content\/uploads\/2025\/05\/Enersa-1-300x200.jpg",300,200,true],"medium_large":["https:\/\/centronoticias.com.ar\/portal\/wp-content\/uploads\/2025\/05\/Enersa-1-768x512.jpg",640,427,true],"large":["https:\/\/centronoticias.com.ar\/portal\/wp-content\/uploads\/2025\/05\/Enersa-1-1024x683.jpg",640,427,true],"1536x1536":["https:\/\/centronoticias.com.ar\/portal\/wp-content\/uploads\/2025\/05\/Enersa-1-1536x1024.jpg",1536,1024,true],"2048x2048":["https:\/\/centronoticias.com.ar\/portal\/wp-content\/uploads\/2025\/05\/Enersa-1.jpg",1920,1280,false],"covernews-slider-full":["https:\/\/centronoticias.com.ar\/portal\/wp-content\/uploads\/2025\/05\/Enersa-1-1115x715.jpg",1115,715,true],"covernews-slider-center":["https:\/\/centronoticias.com.ar\/portal\/wp-content\/uploads\/2025\/05\/Enersa-1-800x500.jpg",800,500,true],"covernews-featured":["https:\/\/centronoticias.com.ar\/portal\/wp-content\/uploads\/2025\/05\/Enersa-1-1024x683.jpg",1024,683,true],"covernews-medium":["https:\/\/centronoticias.com.ar\/portal\/wp-content\/uploads\/2025\/05\/Enersa-1-540x340.jpg",540,340,true],"covernews-medium-square":["https:\/\/centronoticias.com.ar\/portal\/wp-content\/uploads\/2025\/05\/Enersa-1-400x250.jpg",400,250,true]},"author_info":{"info":["Roberto Jourd\u00e1n"]},"category_info":"<a href=\"https:\/\/centronoticias.com.ar\/portal\/category\/provinciales\/\" rel=\"category tag\">Provinciales<\/a>","tag_info":"Provinciales","comment_count":"0","_links":{"self":[{"href":"https:\/\/centronoticias.com.ar\/portal\/wp-json\/wp\/v2\/posts\/3000","targetHints":{"allow":["GET"]}}],"collection":[{"href":"https:\/\/centronoticias.com.ar\/portal\/wp-json\/wp\/v2\/posts"}],"about":[{"href":"https:\/\/centronoticias.com.ar\/portal\/wp-json\/wp\/v2\/types\/post"}],"author":[{"embeddable":true,"href":"https:\/\/centronoticias.com.ar\/portal\/wp-json\/wp\/v2\/users\/3"}],"replies":[{"embeddable":true,"href":"https:\/\/centronoticias.com.ar\/portal\/wp-json\/wp\/v2\/comments?post=3000"}],"version-history":[{"count":1,"href":"https:\/\/centronoticias.com.ar\/portal\/wp-json\/wp\/v2\/posts\/3000\/revisions"}],"predecessor-version":[{"id":3002,"href":"https:\/\/centronoticias.com.ar\/portal\/wp-json\/wp\/v2\/posts\/3000\/revisions\/3002"}],"wp:featuredmedia":[{"embeddable":true,"href":"https:\/\/centronoticias.com.ar\/portal\/wp-json\/wp\/v2\/media\/3001"}],"wp:attachment":[{"href":"https:\/\/centronoticias.com.ar\/portal\/wp-json\/wp\/v2\/media?parent=3000"}],"wp:term":[{"taxonomy":"category","embeddable":true,"href":"https:\/\/centronoticias.com.ar\/portal\/wp-json\/wp\/v2\/categories?post=3000"},{"taxonomy":"post_tag","embeddable":true,"href":"https:\/\/centronoticias.com.ar\/portal\/wp-json\/wp\/v2\/tags?post=3000"}],"curies":[{"name":"wp","href":"https:\/\/api.w.org\/{rel}","templated":true}]}}