{"id":2993,"date":"2025-05-18T17:53:49","date_gmt":"2025-05-18T20:53:49","guid":{"rendered":"https:\/\/centronoticias.com.ar\/portal\/?p=2993"},"modified":"2025-05-18T19:29:02","modified_gmt":"2025-05-18T22:29:02","slug":"miguel-solari-y-sandra-escudero-se-coronaron-en-los-5km-del-colegio-luterano","status":"publish","type":"post","link":"https:\/\/centronoticias.com.ar\/portal\/miguel-solari-y-sandra-escudero-se-coronaron-en-los-5km-del-colegio-luterano\/","title":{"rendered":"Miguel Solari y Sandra Escudero se coronaron en los 5km del Colegio Luterano"},"content":{"rendered":"\n<p class=\"has-medium-font-size\">Una tarde atl\u00e9tica se vivi\u00f3 este domingo 18 de mayo en las calles de San Salvador con la realizaci\u00f3n de una prueba de 5 kil\u00f3metros organizada por el Colegio Luterano. El evento cont\u00f3 con una nutrida participaci\u00f3n de corredores locales y de la regi\u00f3n.<\/p>\n\n\n\n<p class=\"has-medium-font-size\">En la exigente prueba masculina de 5K, el atleta local Miguel Solari se alz\u00f3 con la victoria, demostrando su excelente estado f\u00edsico. El segundo lugar fue para Lisandro Fern\u00e1ndez, quien ofreci\u00f3 una dura disputa por el primer puesto. El podio masculino se complet\u00f3 con Fernando Ben\u00edtez, que se qued\u00f3 con el tercer lugar.<\/p>\n\n\n\n<p class=\"has-medium-font-size\">Entre las damas, la corredora Sandra Escudero fue la gran protagonista, imponi\u00e9ndose en la categor\u00eda femenina de los 5 kil\u00f3metros y cruzando la meta en primer lugar.<\/p>\n\n\n\n<figure class=\"wp-block-image size-large\"><a href=\"https:\/\/centronoticias.com.ar\/portal\/wp-content\/uploads\/2025\/05\/sandra-escudero.jpeg\"><img decoding=\"async\" width=\"1024\" height=\"830\" src=\"https:\/\/centronoticias.com.ar\/portal\/wp-content\/uploads\/2025\/05\/sandra-escudero-1024x830.jpeg\" alt=\"\" class=\"wp-image-2997\" srcset=\"https:\/\/centronoticias.com.ar\/portal\/wp-content\/uploads\/2025\/05\/sandra-escudero-1024x830.jpeg 1024w, https:\/\/centronoticias.com.ar\/portal\/wp-content\/uploads\/2025\/05\/sandra-escudero-300x243.jpeg 300w, https:\/\/centronoticias.com.ar\/portal\/wp-content\/uploads\/2025\/05\/sandra-escudero-768x623.jpeg 768w, https:\/\/centronoticias.com.ar\/portal\/wp-content\/uploads\/2025\/05\/sandra-escudero-1536x1245.jpeg 1536w, https:\/\/centronoticias.com.ar\/portal\/wp-content\/uploads\/2025\/05\/sandra-escudero.jpeg 1600w\" sizes=\"(max-width: 1024px) 100vw, 1024px\" \/><\/a><figcaption class=\"wp-element-caption\">Sandra Escudero gana la prueba.<\/figcaption><\/figure>\n\n\n\n<p class=\"has-medium-font-size\">La jornada deportiva tambi\u00e9n incluy\u00f3 una prueba de 2.500 metros, en la que se destacaron los j\u00f3venes talentos del Colegio Luterano. Entre los varones, Bruno Marchitto se llev\u00f3 la victoria, mientras que en la categor\u00eda femenina, el primer lugar fue para Emilia Marchitto, ambos alumnos de la instituci\u00f3n educativa organizadora.<\/p>\n\n\n\n<figure class=\"wp-block-image size-large\"><a href=\"https:\/\/centronoticias.com.ar\/portal\/wp-content\/uploads\/2025\/05\/bruno-marchitto.jpeg\"><img decoding=\"async\" width=\"1024\" height=\"802\" src=\"https:\/\/centronoticias.com.ar\/portal\/wp-content\/uploads\/2025\/05\/bruno-marchitto-1024x802.jpeg\" alt=\"\" class=\"wp-image-2998\" srcset=\"https:\/\/centronoticias.com.ar\/portal\/wp-content\/uploads\/2025\/05\/bruno-marchitto-1024x802.jpeg 1024w, https:\/\/centronoticias.com.ar\/portal\/wp-content\/uploads\/2025\/05\/bruno-marchitto-300x235.jpeg 300w, https:\/\/centronoticias.com.ar\/portal\/wp-content\/uploads\/2025\/05\/bruno-marchitto-768x602.jpeg 768w, https:\/\/centronoticias.com.ar\/portal\/wp-content\/uploads\/2025\/05\/bruno-marchitto.jpeg 1287w\" sizes=\"(max-width: 1024px) 100vw, 1024px\" \/><\/a><figcaption class=\"wp-element-caption\">Bruno Marchitto.<\/figcaption><\/figure>\n\n\n\n<p class=\"has-medium-font-size\">La convocatoria para esta propuesta atl\u00e9tica fue un \u00e9xito, reuniendo a alrededor de 100 personas que disfrutaron de una ma\u00f1ana de deporte y camarader\u00eda. Adem\u00e1s de las competencias, el evento incluy\u00f3 una caminata recreativa, abierta a toda la comunidad.<\/p>\n\n\n\n<p class=\"has-medium-font-size\">El cielo cubierto acompa\u00f1\u00f3 a los corredores durante toda la jornada, creando un clima agradable para la pr\u00e1ctica deportiva. <\/p>\n\n\n\n<p class=\"has-medium-font-size\">El evento cont\u00f3 con el apoyo de la Direcci\u00f3n de Deportes de la Municipalidad de San Salvador. <\/p>\n","protected":false},"excerpt":{"rendered":"<p>Una tarde atl\u00e9tica se vivi\u00f3 este domingo 18 de mayo en las calles de San&#8230;<\/p>\n","protected":false},"author":3,"featured_media":2996,"comment_status":"closed","ping_status":"open","sticky":false,"template":"","format":"standard","meta":{"footnotes":""},"categories":[6],"tags":[],"class_list":["post-2993","post","type-post","status-publish","format-standard","has-post-thumbnail","hentry","category-dep-0"],"featured_image_urls":{"full":["https:\/\/centronoticias.com.ar\/portal\/wp-content\/uploads\/2025\/05\/miguel-solari.jpg",1024,577,false],"thumbnail":["https:\/\/centronoticias.com.ar\/portal\/wp-content\/uploads\/2025\/05\/miguel-solari-150x150.jpg",150,150,true],"medium":["https:\/\/centronoticias.com.ar\/portal\/wp-content\/uploads\/2025\/05\/miguel-solari-300x169.jpg",300,169,true],"medium_large":["https:\/\/centronoticias.com.ar\/portal\/wp-content\/uploads\/2025\/05\/miguel-solari-768x433.jpg",640,361,true],"large":["https:\/\/centronoticias.com.ar\/portal\/wp-content\/uploads\/2025\/05\/miguel-solari.jpg",640,361,false],"1536x1536":["https:\/\/centronoticias.com.ar\/portal\/wp-content\/uploads\/2025\/05\/miguel-solari.jpg",1024,577,false],"2048x2048":["https:\/\/centronoticias.com.ar\/portal\/wp-content\/uploads\/2025\/05\/miguel-solari.jpg",1024,577,false],"covernews-slider-full":["https:\/\/centronoticias.com.ar\/portal\/wp-content\/uploads\/2025\/05\/miguel-solari.jpg",1024,577,false],"covernews-slider-center":["https:\/\/centronoticias.com.ar\/portal\/wp-content\/uploads\/2025\/05\/miguel-solari-800x500.jpg",800,500,true],"covernews-featured":["https:\/\/centronoticias.com.ar\/portal\/wp-content\/uploads\/2025\/05\/miguel-solari.jpg",1024,577,false],"covernews-medium":["https:\/\/centronoticias.com.ar\/portal\/wp-content\/uploads\/2025\/05\/miguel-solari-540x340.jpg",540,340,true],"covernews-medium-square":["https:\/\/centronoticias.com.ar\/portal\/wp-content\/uploads\/2025\/05\/miguel-solari-400x250.jpg",400,250,true]},"author_info":{"info":["Roberto Jourd\u00e1n"]},"category_info":"<a href=\"https:\/\/centronoticias.com.ar\/portal\/category\/dep-0\/\" rel=\"category tag\">Deportes<\/a>","tag_info":"Deportes","comment_count":"0","_links":{"self":[{"href":"https:\/\/centronoticias.com.ar\/portal\/wp-json\/wp\/v2\/posts\/2993","targetHints":{"allow":["GET"]}}],"collection":[{"href":"https:\/\/centronoticias.com.ar\/portal\/wp-json\/wp\/v2\/posts"}],"about":[{"href":"https:\/\/centronoticias.com.ar\/portal\/wp-json\/wp\/v2\/types\/post"}],"author":[{"embeddable":true,"href":"https:\/\/centronoticias.com.ar\/portal\/wp-json\/wp\/v2\/users\/3"}],"replies":[{"embeddable":true,"href":"https:\/\/centronoticias.com.ar\/portal\/wp-json\/wp\/v2\/comments?post=2993"}],"version-history":[{"count":4,"href":"https:\/\/centronoticias.com.ar\/portal\/wp-json\/wp\/v2\/posts\/2993\/revisions"}],"predecessor-version":[{"id":3010,"href":"https:\/\/centronoticias.com.ar\/portal\/wp-json\/wp\/v2\/posts\/2993\/revisions\/3010"}],"wp:featuredmedia":[{"embeddable":true,"href":"https:\/\/centronoticias.com.ar\/portal\/wp-json\/wp\/v2\/media\/2996"}],"wp:attachment":[{"href":"https:\/\/centronoticias.com.ar\/portal\/wp-json\/wp\/v2\/media?parent=2993"}],"wp:term":[{"taxonomy":"category","embeddable":true,"href":"https:\/\/centronoticias.com.ar\/portal\/wp-json\/wp\/v2\/categories?post=2993"},{"taxonomy":"post_tag","embeddable":true,"href":"https:\/\/centronoticias.com.ar\/portal\/wp-json\/wp\/v2\/tags?post=2993"}],"curies":[{"name":"wp","href":"https:\/\/api.w.org\/{rel}","templated":true}]}}