{"id":2854,"date":"2025-05-11T00:46:00","date_gmt":"2025-05-11T03:46:00","guid":{"rendered":"https:\/\/centronoticias.com.ar\/portal\/?p=2854"},"modified":"2025-05-11T22:48:36","modified_gmt":"2025-05-12T01:48:36","slug":"entre-rios-presento-en-nacion-la-implementacion-de-la-modalidad-combinada-en-educacion-superior","status":"publish","type":"post","link":"https:\/\/centronoticias.com.ar\/portal\/entre-rios-presento-en-nacion-la-implementacion-de-la-modalidad-combinada-en-educacion-superior\/","title":{"rendered":"Entre R\u00edos present\u00f3 en Naci\u00f3n la implementaci\u00f3n de la modalidad combinada en educaci\u00f3n superior"},"content":{"rendered":"\n<p class=\"has-medium-font-size\">Autoridades del Consejo General de Educaci\u00f3n (CGE), participaron de la segunda reuni\u00f3n de la Mesa Federal del Instituto Nacional de Formaci\u00f3n Docente (INFoD), donde presentaron el proceso de redefinici\u00f3n del Reglamento Acad\u00e9mico Marco (RAM) y la implementaci\u00f3n de la modalidad combinada.<\/p>\n\n\n\n<p class=\"has-medium-font-size\">Tras el encuentro que reuni\u00f3 a autoridades nacionales, equipos t\u00e9cnicos y representantes jurisdiccionales y se desarroll\u00f3 en el Palacio Sarmiento, en la Ciudad Aut\u00f3noma de Buenos Aires, el director de Educaci\u00f3n Superior del CGE, Eugenio Medrano, apunt\u00f3 que en la oportunidad debatieron avances y desaf\u00edos en formaci\u00f3n docente y la evaluaci\u00f3n institucional.<\/p>\n\n\n\n<p class=\"has-medium-font-size\">Medrano destac\u00f3 que trabajaron sobre el valor de la Resoluci\u00f3n 476\/24 CFE, que implic\u00f3 cambios significativos en los lineamientos de formaci\u00f3n docente, impulsando la mejora en los institutos del pa\u00eds. Asimismo, se abordaron los avances vinculados a los N\u00facleos de Aprendizaje Prioritarios (NAP), la hibridaci\u00f3n y el enfoque por capacidades.<\/p>\n\n\n\n<p class=\"has-medium-font-size\">Uno de los ejes centrales fue el Sistema Federal de Evaluaci\u00f3n de Institutos de Educaci\u00f3n y Capacitaci\u00f3n (Sifieca). Las autoridades de las distintas provincias establecieron l\u00edneas de trabajo para continuar el debate y la planificaci\u00f3n al respecto.<\/p>\n\n\n\n<p class=\"has-medium-font-size\">La directora Nacional de Formaci\u00f3n Docente, Gabriela Azar, remarc\u00f3 que evaluar, certificar y acreditar deben ser entendidos desde una perspectiva pedag\u00f3gica, guiados por la Resoluci\u00f3n 140\/11 CFE.<\/p>\n\n\n\n<p class=\"has-medium-font-size\">Se compartieron experiencias territoriales destacadas. Mendoza detall\u00f3 el proceso de elaboraci\u00f3n de nuevos dise\u00f1os curriculares, mientras que CABA present\u00f3 su estrategia para redefinir los Dise\u00f1os Curriculares de &nbsp;Inicial y Primaria desde un enfoque por capacidades.<\/p>\n\n\n\n<p class=\"has-medium-font-size\">Finalmente, se reafirm\u00f3 la importancia de articular pol\u00edticas nacionales con las realidades locales, garantizar procesos participativos y sostener una comunicaci\u00f3n estrat\u00e9gica.<\/p>\n","protected":false},"excerpt":{"rendered":"<p>Autoridades del Consejo General de Educaci\u00f3n (CGE), participaron de la segunda reuni\u00f3n de la Mesa&#8230;<\/p>\n","protected":false},"author":3,"featured_media":2855,"comment_status":"closed","ping_status":"open","sticky":false,"template":"","format":"standard","meta":{"footnotes":""},"categories":[36,21],"tags":[],"class_list":["post-2854","post","type-post","status-publish","format-standard","has-post-thumbnail","hentry","category-educacion","category-provinciales"],"featured_image_urls":{"full":["https:\/\/centronoticias.com.ar\/portal\/wp-content\/uploads\/2025\/05\/Infod-1.jpg",800,534,false],"thumbnail":["https:\/\/centronoticias.com.ar\/portal\/wp-content\/uploads\/2025\/05\/Infod-1-150x150.jpg",150,150,true],"medium":["https:\/\/centronoticias.com.ar\/portal\/wp-content\/uploads\/2025\/05\/Infod-1-300x200.jpg",300,200,true],"medium_large":["https:\/\/centronoticias.com.ar\/portal\/wp-content\/uploads\/2025\/05\/Infod-1-768x513.jpg",640,428,true],"large":["https:\/\/centronoticias.com.ar\/portal\/wp-content\/uploads\/2025\/05\/Infod-1.jpg",640,427,false],"1536x1536":["https:\/\/centronoticias.com.ar\/portal\/wp-content\/uploads\/2025\/05\/Infod-1.jpg",800,534,false],"2048x2048":["https:\/\/centronoticias.com.ar\/portal\/wp-content\/uploads\/2025\/05\/Infod-1.jpg",800,534,false],"covernews-slider-full":["https:\/\/centronoticias.com.ar\/portal\/wp-content\/uploads\/2025\/05\/Infod-1.jpg",800,534,false],"covernews-slider-center":["https:\/\/centronoticias.com.ar\/portal\/wp-content\/uploads\/2025\/05\/Infod-1-800x500.jpg",800,500,true],"covernews-featured":["https:\/\/centronoticias.com.ar\/portal\/wp-content\/uploads\/2025\/05\/Infod-1.jpg",800,534,false],"covernews-medium":["https:\/\/centronoticias.com.ar\/portal\/wp-content\/uploads\/2025\/05\/Infod-1-540x340.jpg",540,340,true],"covernews-medium-square":["https:\/\/centronoticias.com.ar\/portal\/wp-content\/uploads\/2025\/05\/Infod-1-400x250.jpg",400,250,true]},"author_info":{"info":["Roberto Jourd\u00e1n"]},"category_info":"<a href=\"https:\/\/centronoticias.com.ar\/portal\/category\/educacion\/\" rel=\"category tag\">Educaci\u00f3n<\/a> <a href=\"https:\/\/centronoticias.com.ar\/portal\/category\/provinciales\/\" rel=\"category tag\">Provinciales<\/a>","tag_info":"Provinciales","comment_count":"0","_links":{"self":[{"href":"https:\/\/centronoticias.com.ar\/portal\/wp-json\/wp\/v2\/posts\/2854","targetHints":{"allow":["GET"]}}],"collection":[{"href":"https:\/\/centronoticias.com.ar\/portal\/wp-json\/wp\/v2\/posts"}],"about":[{"href":"https:\/\/centronoticias.com.ar\/portal\/wp-json\/wp\/v2\/types\/post"}],"author":[{"embeddable":true,"href":"https:\/\/centronoticias.com.ar\/portal\/wp-json\/wp\/v2\/users\/3"}],"replies":[{"embeddable":true,"href":"https:\/\/centronoticias.com.ar\/portal\/wp-json\/wp\/v2\/comments?post=2854"}],"version-history":[{"count":1,"href":"https:\/\/centronoticias.com.ar\/portal\/wp-json\/wp\/v2\/posts\/2854\/revisions"}],"predecessor-version":[{"id":2856,"href":"https:\/\/centronoticias.com.ar\/portal\/wp-json\/wp\/v2\/posts\/2854\/revisions\/2856"}],"wp:featuredmedia":[{"embeddable":true,"href":"https:\/\/centronoticias.com.ar\/portal\/wp-json\/wp\/v2\/media\/2855"}],"wp:attachment":[{"href":"https:\/\/centronoticias.com.ar\/portal\/wp-json\/wp\/v2\/media?parent=2854"}],"wp:term":[{"taxonomy":"category","embeddable":true,"href":"https:\/\/centronoticias.com.ar\/portal\/wp-json\/wp\/v2\/categories?post=2854"},{"taxonomy":"post_tag","embeddable":true,"href":"https:\/\/centronoticias.com.ar\/portal\/wp-json\/wp\/v2\/tags?post=2854"}],"curies":[{"name":"wp","href":"https:\/\/api.w.org\/{rel}","templated":true}]}}