{"id":2851,"date":"2025-05-11T00:43:00","date_gmt":"2025-05-11T03:43:00","guid":{"rendered":"https:\/\/centronoticias.com.ar\/portal\/?p=2851"},"modified":"2025-05-11T22:45:41","modified_gmt":"2025-05-12T01:45:41","slug":"el-cge-invita-a-un-concurso-audiovisual-sobre-malvinas","status":"publish","type":"post","link":"https:\/\/centronoticias.com.ar\/portal\/el-cge-invita-a-un-concurso-audiovisual-sobre-malvinas\/","title":{"rendered":"El CGE invita a un concurso audiovisual sobre Malvinas"},"content":{"rendered":"\n<p class=\"has-medium-font-size\">El Consejo General de Educaci\u00f3n (CGE) convoca a docentes y estudiantes de escuelas primarias y secundarias de Entre R\u00edos, p\u00fablicas y privadas, a participar de un concurso audiovisual sobre Malvinas.<\/p>\n\n\n\n<p class=\"has-medium-font-size\">La inscripci\u00f3n estar\u00e1 abierta hasta el 30 de mayo, y los resultados se dar\u00e1n a conocer el 10 de junio. &nbsp;<\/p>\n\n\n\n<p class=\"has-medium-font-size\">El certamen busca promover la producci\u00f3n de cortometrajes documentales, de ficci\u00f3n o animaci\u00f3n que reflexionen sobre la guerra de 1982, con especial enfoque en las cartas intercambiadas entre soldados y sus familias. Las obras deber\u00e1n tener una duraci\u00f3n de entre 30 segundos y dos minutos, en formato horizontal FULL HD. &nbsp;<\/p>\n\n\n\n<p class=\"has-medium-font-size\">Los tres trabajos seleccionados ser\u00e1n publicados en el Portal Aprender como material did\u00e1ctico, y el curso ganador recibir\u00e1 como premio un viaje a un destino tur\u00edstico de la provincia. &nbsp;<\/p>\n\n\n\n<p class=\"has-medium-font-size\">La iniciativa, organizada por la Coordinaci\u00f3n de Educaci\u00f3n Art\u00edstica del CGE, apunta a resignificar la memoria de Malvinas mediante lenguajes digitales y multimedia.<\/p>\n\n\n\n<p class=\"has-medium-font-size\">El jurado est\u00e1 compuesto por Jimena Chaves, realizadora audiovisual y cineasta; Maximiliano Schonfeld, director del Instituto Aut\u00e1rquico Audiovisual de Entre R\u00edos; Tavo Bolz\u00e1n, artista y profesor de Historia; y Ricardo Jaimovich, artista de la Coordinaci\u00f3n de Educaci\u00f3n Art\u00edstica del CGE.<\/p>\n\n\n\n<p class=\"has-medium-font-size\">Los interesados deben completar un formulario de inscripci\u00f3n y, una vez confirmada su participaci\u00f3n, pueden hacerlo a trav\u00e9s del link<br><a href=\"https:\/\/forms.gle\/xbGTaPQDd6U22HKS6\">https:\/\/forms.gle\/xbGTaPQDd6U22HKS6<\/a>, donde recibir\u00e1n un enlace para subir sus videos. M\u00e1s informaci\u00f3n y recursos de apoyo est\u00e1n disponibles en el Portal Aprender.<\/p>\n","protected":false},"excerpt":{"rendered":"<p>El Consejo General de Educaci\u00f3n (CGE) convoca a docentes y estudiantes de escuelas primarias y&#8230;<\/p>\n","protected":false},"author":3,"featured_media":2852,"comment_status":"closed","ping_status":"open","sticky":false,"template":"","format":"standard","meta":{"footnotes":""},"categories":[21],"tags":[],"class_list":["post-2851","post","type-post","status-publish","format-standard","has-post-thumbnail","hentry","category-provinciales"],"featured_image_urls":{"full":["https:\/\/centronoticias.com.ar\/portal\/wp-content\/uploads\/2025\/05\/malvinas.jpg",1024,683,false],"thumbnail":["https:\/\/centronoticias.com.ar\/portal\/wp-content\/uploads\/2025\/05\/malvinas-150x150.jpg",150,150,true],"medium":["https:\/\/centronoticias.com.ar\/portal\/wp-content\/uploads\/2025\/05\/malvinas-300x200.jpg",300,200,true],"medium_large":["https:\/\/centronoticias.com.ar\/portal\/wp-content\/uploads\/2025\/05\/malvinas-768x512.jpg",640,427,true],"large":["https:\/\/centronoticias.com.ar\/portal\/wp-content\/uploads\/2025\/05\/malvinas.jpg",640,427,false],"1536x1536":["https:\/\/centronoticias.com.ar\/portal\/wp-content\/uploads\/2025\/05\/malvinas.jpg",1024,683,false],"2048x2048":["https:\/\/centronoticias.com.ar\/portal\/wp-content\/uploads\/2025\/05\/malvinas.jpg",1024,683,false],"covernews-slider-full":["https:\/\/centronoticias.com.ar\/portal\/wp-content\/uploads\/2025\/05\/malvinas.jpg",1024,683,false],"covernews-slider-center":["https:\/\/centronoticias.com.ar\/portal\/wp-content\/uploads\/2025\/05\/malvinas-800x500.jpg",800,500,true],"covernews-featured":["https:\/\/centronoticias.com.ar\/portal\/wp-content\/uploads\/2025\/05\/malvinas.jpg",1024,683,false],"covernews-medium":["https:\/\/centronoticias.com.ar\/portal\/wp-content\/uploads\/2025\/05\/malvinas-540x340.jpg",540,340,true],"covernews-medium-square":["https:\/\/centronoticias.com.ar\/portal\/wp-content\/uploads\/2025\/05\/malvinas-400x250.jpg",400,250,true]},"author_info":{"info":["Roberto Jourd\u00e1n"]},"category_info":"<a href=\"https:\/\/centronoticias.com.ar\/portal\/category\/provinciales\/\" rel=\"category tag\">Provinciales<\/a>","tag_info":"Provinciales","comment_count":"0","_links":{"self":[{"href":"https:\/\/centronoticias.com.ar\/portal\/wp-json\/wp\/v2\/posts\/2851","targetHints":{"allow":["GET"]}}],"collection":[{"href":"https:\/\/centronoticias.com.ar\/portal\/wp-json\/wp\/v2\/posts"}],"about":[{"href":"https:\/\/centronoticias.com.ar\/portal\/wp-json\/wp\/v2\/types\/post"}],"author":[{"embeddable":true,"href":"https:\/\/centronoticias.com.ar\/portal\/wp-json\/wp\/v2\/users\/3"}],"replies":[{"embeddable":true,"href":"https:\/\/centronoticias.com.ar\/portal\/wp-json\/wp\/v2\/comments?post=2851"}],"version-history":[{"count":1,"href":"https:\/\/centronoticias.com.ar\/portal\/wp-json\/wp\/v2\/posts\/2851\/revisions"}],"predecessor-version":[{"id":2853,"href":"https:\/\/centronoticias.com.ar\/portal\/wp-json\/wp\/v2\/posts\/2851\/revisions\/2853"}],"wp:featuredmedia":[{"embeddable":true,"href":"https:\/\/centronoticias.com.ar\/portal\/wp-json\/wp\/v2\/media\/2852"}],"wp:attachment":[{"href":"https:\/\/centronoticias.com.ar\/portal\/wp-json\/wp\/v2\/media?parent=2851"}],"wp:term":[{"taxonomy":"category","embeddable":true,"href":"https:\/\/centronoticias.com.ar\/portal\/wp-json\/wp\/v2\/categories?post=2851"},{"taxonomy":"post_tag","embeddable":true,"href":"https:\/\/centronoticias.com.ar\/portal\/wp-json\/wp\/v2\/tags?post=2851"}],"curies":[{"name":"wp","href":"https:\/\/api.w.org\/{rel}","templated":true}]}}