{"id":2769,"date":"2025-05-07T12:47:43","date_gmt":"2025-05-07T15:47:43","guid":{"rendered":"https:\/\/centronoticias.com.ar\/portal\/?p=2769"},"modified":"2025-05-07T12:47:45","modified_gmt":"2025-05-07T15:47:45","slug":"sandra-escudero-y-ruben-suares-desafiaron-las-alturas-del-cerro-champaqui-en-la-champa-ultra-race","status":"publish","type":"post","link":"https:\/\/centronoticias.com.ar\/portal\/sandra-escudero-y-ruben-suares-desafiaron-las-alturas-del-cerro-champaqui-en-la-champa-ultra-race\/","title":{"rendered":"Sandra Escudero y Rub\u00e9n Suares desafiaron las alturas del cerro Champaqu\u00ed en la CHAMPA ULTRA RACE"},"content":{"rendered":"\n<p class=\"has-medium-font-size\"><strong>Los atletas de San Salvador, Sandra Escudero y Rub\u00e9n Barranca Suares, dejaron su huella en la exigente CHAMPA ULTRA RACE, una prestigiosa carrera de trail que se llev\u00f3 a cabo en la pintoresca localidad serrana de San Javier, en el coraz\u00f3n del Cerro Champaqu\u00ed, C\u00f3rdoba.<\/strong> Este escenario imponente, que ya fue sede del Nacional de Trail en las distancias de 42 y 60 kil\u00f3metros, recibi\u00f3 a corredores de todo el pa\u00eds para celebrar la d\u00e9cima edici\u00f3n de este evento.<\/p>\n\n\n\n<figure class=\"wp-block-image size-full\"><a href=\"https:\/\/centronoticias.com.ar\/portal\/wp-content\/uploads\/2025\/05\/champa-2.jpg\"><img decoding=\"async\" width=\"720\" height=\"591\" src=\"https:\/\/centronoticias.com.ar\/portal\/wp-content\/uploads\/2025\/05\/champa-2.jpg\" alt=\"\" class=\"wp-image-2772\" srcset=\"https:\/\/centronoticias.com.ar\/portal\/wp-content\/uploads\/2025\/05\/champa-2.jpg 720w, https:\/\/centronoticias.com.ar\/portal\/wp-content\/uploads\/2025\/05\/champa-2-300x246.jpg 300w\" sizes=\"(max-width: 720px) 100vw, 720px\" \/><\/a><\/figure>\n\n\n\n<p class=\"has-medium-font-size\">Escudero y  Suares se animaron a la desafiante distancia de 30 kil\u00f3metros SKYRACE, una de las sorpresas de esta edici\u00f3n aniversario. La modalidad SKYRACE se caracteriza por circuitos t\u00e9cnicos y con gran desnivel, y el trazado en el Cerro Champaqu\u00ed no fue la excepci\u00f3n. Los atletas se enfrentaron a un recorrido demandante que incluy\u00f3 cumbres imponentes (alcanzando los 2660 metros sobre el nivel del mar en el Cerro del Cercado), trepadas empinadas, bajadas t\u00e9cnicas y filos expuestos, todo inmerso en el majestuoso paisaje de la alta monta\u00f1a cordobesa.<\/p>\n\n\n\n<figure class=\"wp-block-image size-full\"><a href=\"https:\/\/centronoticias.com.ar\/portal\/wp-content\/uploads\/2025\/05\/champa-1.jpg\"><img decoding=\"async\" width=\"720\" height=\"591\" src=\"https:\/\/centronoticias.com.ar\/portal\/wp-content\/uploads\/2025\/05\/champa-1.jpg\" alt=\"\" class=\"wp-image-2773\" srcset=\"https:\/\/centronoticias.com.ar\/portal\/wp-content\/uploads\/2025\/05\/champa-1.jpg 720w, https:\/\/centronoticias.com.ar\/portal\/wp-content\/uploads\/2025\/05\/champa-1-300x246.jpg 300w\" sizes=\"(max-width: 720px) 100vw, 720px\" \/><\/a><\/figure>\n\n\n\n<p class=\"has-medium-font-size\">El desnivel positivo de +2500 metros represent\u00f3 un desaf\u00edo considerable para los corredores. Sandra Escudero y Rub\u00e9n Barranca Suares lograron completar este arduo trazado con un tiempo que super\u00f3 las cinco horas de carrera. Los primeros 16 kil\u00f3metros fueron un ascenso constante y exigente hasta alcanzar la cima, poniendo a prueba su resistencia y preparaci\u00f3n f\u00edsica. La segunda parte del recorrido, los 14 kil\u00f3metros de descenso, no fueron menos demandantes, discurriendo por el conocido &#8220;camino de las cabras&#8221;, un sendero al filo del precipicio con una gran cantidad de piedras sueltas ocultas bajo la vegetaci\u00f3n, lo que lo convirti\u00f3 en un tramo extremadamente t\u00e9cnico y peligroso.<\/p>\n\n\n\n<p class=\"has-medium-font-size\">Tras cruzar la meta y alcanzar este importante objetivo, los atletas de San Salvador expresaron su satisfacci\u00f3n por el resultado, fruto de los &#8220;cientos de kil\u00f3metros de entrenamiento&#8221; que rindieron sus frutos en un terreno tan desgastante. Con humildad y respeto por la monta\u00f1a, pero con la firme convicci\u00f3n de alcanzar la meta, Escudero y Barranca Suares sumaron una valiosa experiencia en terrenos t\u00e9cnicos y de alta altimetr\u00eda, conocimientos que ser\u00e1n fundamentales para sus pr\u00f3ximos desaf\u00edos a fin de a\u00f1o.<\/p>\n\n\n\n<p class=\"has-medium-font-size\">Finalmente, Sandra Escudero y Rub\u00e9n Barranca Suares dedicaron un agradecimiento especial a todos aquellos que los apoyan y alientan en su pasi\u00f3n por el trail running, impuls\u00e1ndolos a seguir super\u00e1ndose y explorando los l\u00edmites en cada carrera. Su participaci\u00f3n en la CHAMPA ULTRA RACE es un testimonio de su dedicaci\u00f3n, esp\u00edritu aventurero y el orgullo de representar a San Salvador en escenarios deportivos de alto nivel.<\/p>\n\n\n\n<p class=\"has-medium-font-size\"><strong>Sandra Escudero<\/strong>, compitiendo en la competitiva categor\u00eda de 40 a 49 a\u00f1os, demostr\u00f3 una gran tenacidad al finalizar en el <strong>puesto 84 de la general<\/strong> entre un total de 302 atletas. En su categor\u00eda espec\u00edfica, Sandra se ubic\u00f3 en la <strong>posici\u00f3n 27 de 274 participantes<\/strong>. Su desempe\u00f1o en la clasificaci\u00f3n mixta la coloc\u00f3 en el <strong>puesto 295 de 771 corredores<\/strong>, completando el exigente recorrido en un tiempo de <strong>6 horas, 34 minutos y 55 segundos<\/strong>.<\/p>\n\n\n\n<p class=\"has-medium-font-size\">Por su parte, <strong>Rub\u00e9n Suares<\/strong>, quien compiti\u00f3 en la categor\u00eda de 50 a 59 a\u00f1os, tambi\u00e9n tuvo una actuaci\u00f3n sobresaliente. Rub\u00e9n finaliz\u00f3 en la <strong>posici\u00f3n 99 de la general<\/strong> sobre un total de 429 atletas. En su categor\u00eda, logr\u00f3 una destacada <strong>ubicaci\u00f3n 11 entre 144 participantes<\/strong>. En la clasificaci\u00f3n mixta general, se posicion\u00f3 en el <strong>puesto 117 de 771 corredores<\/strong>, cruzando la meta con un tiempo de <strong>5 horas, 14 minutos y 53 segundos<\/strong>.<\/p>\n\n\n\n<p class=\"has-medium-font-size\">La CHAMPA ULTRA RACE no es solo una competencia de trail running de alto nivel en el imponente Cerro Champaqu\u00ed. Para los corredores de distancias mayores, espec\u00edficamente los <strong>42 y 60 kil\u00f3metros<\/strong>, esta exigente prueba tiene un significado a\u00fan mayor: es <strong>clasificatoria para el Mundial de Trail Running que se disputar\u00e1 este a\u00f1o en Espa\u00f1a<\/strong>.<\/p>\n","protected":false},"excerpt":{"rendered":"<p>Los atletas de San Salvador, Sandra Escudero y Rub\u00e9n Barranca Suares, dejaron su huella en&#8230;<\/p>\n","protected":false},"author":3,"featured_media":2771,"comment_status":"closed","ping_status":"open","sticky":false,"template":"","format":"standard","meta":{"footnotes":""},"categories":[6],"tags":[],"class_list":["post-2769","post","type-post","status-publish","format-standard","has-post-thumbnail","hentry","category-dep-0"],"featured_image_urls":{"full":["https:\/\/centronoticias.com.ar\/portal\/wp-content\/uploads\/2025\/05\/escudero-suarez-champa.jpg",957,882,false],"thumbnail":["https:\/\/centronoticias.com.ar\/portal\/wp-content\/uploads\/2025\/05\/escudero-suarez-champa-150x150.jpg",150,150,true],"medium":["https:\/\/centronoticias.com.ar\/portal\/wp-content\/uploads\/2025\/05\/escudero-suarez-champa-300x276.jpg",300,276,true],"medium_large":["https:\/\/centronoticias.com.ar\/portal\/wp-content\/uploads\/2025\/05\/escudero-suarez-champa-768x708.jpg",640,590,true],"large":["https:\/\/centronoticias.com.ar\/portal\/wp-content\/uploads\/2025\/05\/escudero-suarez-champa.jpg",640,590,false],"1536x1536":["https:\/\/centronoticias.com.ar\/portal\/wp-content\/uploads\/2025\/05\/escudero-suarez-champa.jpg",957,882,false],"2048x2048":["https:\/\/centronoticias.com.ar\/portal\/wp-content\/uploads\/2025\/05\/escudero-suarez-champa.jpg",957,882,false],"covernews-slider-full":["https:\/\/centronoticias.com.ar\/portal\/wp-content\/uploads\/2025\/05\/escudero-suarez-champa-957x715.jpg",957,715,true],"covernews-slider-center":["https:\/\/centronoticias.com.ar\/portal\/wp-content\/uploads\/2025\/05\/escudero-suarez-champa-800x500.jpg",800,500,true],"covernews-featured":["https:\/\/centronoticias.com.ar\/portal\/wp-content\/uploads\/2025\/05\/escudero-suarez-champa.jpg",957,882,false],"covernews-medium":["https:\/\/centronoticias.com.ar\/portal\/wp-content\/uploads\/2025\/05\/escudero-suarez-champa-540x340.jpg",540,340,true],"covernews-medium-square":["https:\/\/centronoticias.com.ar\/portal\/wp-content\/uploads\/2025\/05\/escudero-suarez-champa-400x250.jpg",400,250,true]},"author_info":{"info":["Roberto Jourd\u00e1n"]},"category_info":"<a href=\"https:\/\/centronoticias.com.ar\/portal\/category\/dep-0\/\" rel=\"category tag\">Deportes<\/a>","tag_info":"Deportes","comment_count":"0","_links":{"self":[{"href":"https:\/\/centronoticias.com.ar\/portal\/wp-json\/wp\/v2\/posts\/2769","targetHints":{"allow":["GET"]}}],"collection":[{"href":"https:\/\/centronoticias.com.ar\/portal\/wp-json\/wp\/v2\/posts"}],"about":[{"href":"https:\/\/centronoticias.com.ar\/portal\/wp-json\/wp\/v2\/types\/post"}],"author":[{"embeddable":true,"href":"https:\/\/centronoticias.com.ar\/portal\/wp-json\/wp\/v2\/users\/3"}],"replies":[{"embeddable":true,"href":"https:\/\/centronoticias.com.ar\/portal\/wp-json\/wp\/v2\/comments?post=2769"}],"version-history":[{"count":4,"href":"https:\/\/centronoticias.com.ar\/portal\/wp-json\/wp\/v2\/posts\/2769\/revisions"}],"predecessor-version":[{"id":2776,"href":"https:\/\/centronoticias.com.ar\/portal\/wp-json\/wp\/v2\/posts\/2769\/revisions\/2776"}],"wp:featuredmedia":[{"embeddable":true,"href":"https:\/\/centronoticias.com.ar\/portal\/wp-json\/wp\/v2\/media\/2771"}],"wp:attachment":[{"href":"https:\/\/centronoticias.com.ar\/portal\/wp-json\/wp\/v2\/media?parent=2769"}],"wp:term":[{"taxonomy":"category","embeddable":true,"href":"https:\/\/centronoticias.com.ar\/portal\/wp-json\/wp\/v2\/categories?post=2769"},{"taxonomy":"post_tag","embeddable":true,"href":"https:\/\/centronoticias.com.ar\/portal\/wp-json\/wp\/v2\/tags?post=2769"}],"curies":[{"name":"wp","href":"https:\/\/api.w.org\/{rel}","templated":true}]}}