{"id":2635,"date":"2025-04-30T15:28:33","date_gmt":"2025-04-30T18:28:33","guid":{"rendered":"https:\/\/centronoticias.com.ar\/portal\/?p=2635"},"modified":"2025-04-30T15:28:34","modified_gmt":"2025-04-30T18:28:34","slug":"el-iprodi-y-el-iosper-garantizan-prestaciones-a-personas-con-discapacidad-del-programa-contigo","status":"publish","type":"post","link":"https:\/\/centronoticias.com.ar\/portal\/el-iprodi-y-el-iosper-garantizan-prestaciones-a-personas-con-discapacidad-del-programa-contigo\/","title":{"rendered":"El Iprodi y el Iosper garantizan prestaciones a personas con discapacidad del programa Contigo"},"content":{"rendered":"\n<p class=\"has-medium-font-size\">El Instituto Provincial de Discapacidad (Iprodi) firm\u00f3 un convenio con el Instituto de Obra Social de la Provincia de Entre R\u00edos (Iosper) con el objetivo de garantizar la cobertura prestacional en salud a personas con discapacidad que forman parte del programa Contigo.<\/p>\n\n\n\n<p class=\"has-medium-font-size\">El acuerdo est\u00e1 destinado a personas con Certificado \u00danico de Discapacidad (CUD) vigente, usuarias del programa que se encuentren en situaci\u00f3n de vulnerabilidad social, sin referentes familiares ni redes afectivas y bajo la protecci\u00f3n del Estado provincial. La cobertura se mantendr\u00e1 mientras se mantenga dicha situaci\u00f3n, sin generar derechos una vez finalizada la relaci\u00f3n del afiliado con el Instituto.<\/p>\n\n\n\n<p class=\"has-medium-font-size\">El convenio establece la continuidad de las prestaciones requeridas por cada persona usuaria, contemplando sus necesidades individuales en materia de salud y asegurando el acceso a los servicios correspondientes.<\/p>\n\n\n\n<p class=\"has-medium-font-size\">La firma del acuerdo se llev\u00f3 a cabo en la sede del Iosper y cont\u00f3 con la presencia del director del Iprodi, Diego V\u00e9lez; la coordinadora general del Instituto, Sabina Carrivale; la coordinadora del programa Contigo, Priscila Ulrich; y el subinterventor del Iosper, Ricardo Garc\u00eda.<\/p>\n","protected":false},"excerpt":{"rendered":"<p>El Instituto Provincial de Discapacidad (Iprodi) firm\u00f3 un convenio con el Instituto de Obra Social&#8230;<\/p>\n","protected":false},"author":3,"featured_media":2636,"comment_status":"closed","ping_status":"open","sticky":false,"template":"","format":"standard","meta":{"footnotes":""},"categories":[21],"tags":[],"class_list":["post-2635","post","type-post","status-publish","format-standard","has-post-thumbnail","hentry","category-provinciales"],"featured_image_urls":{"full":["https:\/\/centronoticias.com.ar\/portal\/wp-content\/uploads\/2025\/04\/iosper_Iprodi.jpg",800,534,false],"thumbnail":["https:\/\/centronoticias.com.ar\/portal\/wp-content\/uploads\/2025\/04\/iosper_Iprodi-150x150.jpg",150,150,true],"medium":["https:\/\/centronoticias.com.ar\/portal\/wp-content\/uploads\/2025\/04\/iosper_Iprodi-300x200.jpg",300,200,true],"medium_large":["https:\/\/centronoticias.com.ar\/portal\/wp-content\/uploads\/2025\/04\/iosper_Iprodi-768x513.jpg",640,428,true],"large":["https:\/\/centronoticias.com.ar\/portal\/wp-content\/uploads\/2025\/04\/iosper_Iprodi.jpg",640,427,false],"1536x1536":["https:\/\/centronoticias.com.ar\/portal\/wp-content\/uploads\/2025\/04\/iosper_Iprodi.jpg",800,534,false],"2048x2048":["https:\/\/centronoticias.com.ar\/portal\/wp-content\/uploads\/2025\/04\/iosper_Iprodi.jpg",800,534,false],"covernews-slider-full":["https:\/\/centronoticias.com.ar\/portal\/wp-content\/uploads\/2025\/04\/iosper_Iprodi.jpg",800,534,false],"covernews-slider-center":["https:\/\/centronoticias.com.ar\/portal\/wp-content\/uploads\/2025\/04\/iosper_Iprodi-800x500.jpg",800,500,true],"covernews-featured":["https:\/\/centronoticias.com.ar\/portal\/wp-content\/uploads\/2025\/04\/iosper_Iprodi.jpg",800,534,false],"covernews-medium":["https:\/\/centronoticias.com.ar\/portal\/wp-content\/uploads\/2025\/04\/iosper_Iprodi-540x340.jpg",540,340,true],"covernews-medium-square":["https:\/\/centronoticias.com.ar\/portal\/wp-content\/uploads\/2025\/04\/iosper_Iprodi-400x250.jpg",400,250,true]},"author_info":{"info":["Roberto Jourd\u00e1n"]},"category_info":"<a href=\"https:\/\/centronoticias.com.ar\/portal\/category\/provinciales\/\" rel=\"category tag\">Provinciales<\/a>","tag_info":"Provinciales","comment_count":"0","_links":{"self":[{"href":"https:\/\/centronoticias.com.ar\/portal\/wp-json\/wp\/v2\/posts\/2635","targetHints":{"allow":["GET"]}}],"collection":[{"href":"https:\/\/centronoticias.com.ar\/portal\/wp-json\/wp\/v2\/posts"}],"about":[{"href":"https:\/\/centronoticias.com.ar\/portal\/wp-json\/wp\/v2\/types\/post"}],"author":[{"embeddable":true,"href":"https:\/\/centronoticias.com.ar\/portal\/wp-json\/wp\/v2\/users\/3"}],"replies":[{"embeddable":true,"href":"https:\/\/centronoticias.com.ar\/portal\/wp-json\/wp\/v2\/comments?post=2635"}],"version-history":[{"count":1,"href":"https:\/\/centronoticias.com.ar\/portal\/wp-json\/wp\/v2\/posts\/2635\/revisions"}],"predecessor-version":[{"id":2637,"href":"https:\/\/centronoticias.com.ar\/portal\/wp-json\/wp\/v2\/posts\/2635\/revisions\/2637"}],"wp:featuredmedia":[{"embeddable":true,"href":"https:\/\/centronoticias.com.ar\/portal\/wp-json\/wp\/v2\/media\/2636"}],"wp:attachment":[{"href":"https:\/\/centronoticias.com.ar\/portal\/wp-json\/wp\/v2\/media?parent=2635"}],"wp:term":[{"taxonomy":"category","embeddable":true,"href":"https:\/\/centronoticias.com.ar\/portal\/wp-json\/wp\/v2\/categories?post=2635"},{"taxonomy":"post_tag","embeddable":true,"href":"https:\/\/centronoticias.com.ar\/portal\/wp-json\/wp\/v2\/tags?post=2635"}],"curies":[{"name":"wp","href":"https:\/\/api.w.org\/{rel}","templated":true}]}}