{"id":2615,"date":"2025-04-29T16:47:25","date_gmt":"2025-04-29T19:47:25","guid":{"rendered":"https:\/\/centronoticias.com.ar\/portal\/?p=2615"},"modified":"2025-04-29T16:49:05","modified_gmt":"2025-04-29T19:49:05","slug":"el-senador-berthet-anuncia-entrega-de-equipamiento-para-comedores-escolares-en-el-departamento-san-salvador","status":"publish","type":"post","link":"https:\/\/centronoticias.com.ar\/portal\/el-senador-berthet-anuncia-entrega-de-equipamiento-para-comedores-escolares-en-el-departamento-san-salvador\/","title":{"rendered":"El Senador Berthet anuncia entrega de equipamiento para comedores escolares en el departamento San Salvador"},"content":{"rendered":"\n<p class=\"has-medium-font-size\">El Senador Provincial Marcelo Berthet inform\u00f3 sobre la reciente entrega de equipamiento esencial para los comedores de diversas escuelas del Departamento San Salvador. La iniciativa, coordinada desde la Coordinaci\u00f3n Departamental de Comedores, busca fortalecer el funcionamiento y mejorar las condiciones de estos espacios fundamentales para la alimentaci\u00f3n de los estudiantes.<\/p>\n\n\n\n<p class=\"has-medium-font-size\">Seg\u00fan detall\u00f3 el Senador Berthet, los establecimientos educativos beneficiados con esta entrega son:<\/p>\n\n\n\n<p class=\"has-medium-font-size\">Escuela N\u00ba 12 Justo Jos\u00e9 de Urquiza de General Campos, que recibi\u00f3 una heladera marca Bambi.<br>Escuela N\u00ba 4 Bicentenario de la Patria de San Salvador, tambi\u00e9n equipada con una heladera Bambi.<br>Escuela N\u00ba 14 Del Nandubay de Colonia Oficial N\u00ba 5, que recibi\u00f3 una cocina marca Martiri.<br><\/p>\n\n\n\n<p class=\"has-medium-font-size\">El Senador Provincial destac\u00f3 la importancia de estas herramientas para garantizar la correcta conservaci\u00f3n de los alimentos y la preparaci\u00f3n de las comidas que se brindan a los alumnos.<\/p>\n\n\n\n<p class=\"has-medium-font-size\">Asimismo, tanto el Senador Berthet como la Coordinaci\u00f3n Departamental de Comedores expresaron su agradecimiento al director provincial de Comedores Escolares, Lautaro Azzalini, por su compromiso y colaboraci\u00f3n para hacer posible esta significativa mejora en los comedores escolares del departamento. Esta acci\u00f3n conjunta subraya el esfuerzo por brindar un mejor servicio alimentario a los estudiantes de San Salvador y sus alrededores.<\/p>\n","protected":false},"excerpt":{"rendered":"<p>El Senador Provincial Marcelo Berthet inform\u00f3 sobre la reciente entrega de equipamiento esencial para los&#8230;<\/p>\n","protected":false},"author":3,"featured_media":2616,"comment_status":"closed","ping_status":"open","sticky":false,"template":"","format":"standard","meta":{"footnotes":""},"categories":[38],"tags":[],"class_list":["post-2615","post","type-post","status-publish","format-standard","has-post-thumbnail","hentry","category-departamental"],"featured_image_urls":{"full":["https:\/\/centronoticias.com.ar\/portal\/wp-content\/uploads\/2025\/04\/494358529_1738508943710336_925602864663869742_n.jpg",1080,1075,false],"thumbnail":["https:\/\/centronoticias.com.ar\/portal\/wp-content\/uploads\/2025\/04\/494358529_1738508943710336_925602864663869742_n-150x150.jpg",150,150,true],"medium":["https:\/\/centronoticias.com.ar\/portal\/wp-content\/uploads\/2025\/04\/494358529_1738508943710336_925602864663869742_n-300x300.jpg",300,300,true],"medium_large":["https:\/\/centronoticias.com.ar\/portal\/wp-content\/uploads\/2025\/04\/494358529_1738508943710336_925602864663869742_n-768x764.jpg",640,637,true],"large":["https:\/\/centronoticias.com.ar\/portal\/wp-content\/uploads\/2025\/04\/494358529_1738508943710336_925602864663869742_n-1024x1019.jpg",640,637,true],"1536x1536":["https:\/\/centronoticias.com.ar\/portal\/wp-content\/uploads\/2025\/04\/494358529_1738508943710336_925602864663869742_n.jpg",1080,1075,false],"2048x2048":["https:\/\/centronoticias.com.ar\/portal\/wp-content\/uploads\/2025\/04\/494358529_1738508943710336_925602864663869742_n.jpg",1080,1075,false],"covernews-slider-full":["https:\/\/centronoticias.com.ar\/portal\/wp-content\/uploads\/2025\/04\/494358529_1738508943710336_925602864663869742_n-1080x715.jpg",1080,715,true],"covernews-slider-center":["https:\/\/centronoticias.com.ar\/portal\/wp-content\/uploads\/2025\/04\/494358529_1738508943710336_925602864663869742_n-800x500.jpg",800,500,true],"covernews-featured":["https:\/\/centronoticias.com.ar\/portal\/wp-content\/uploads\/2025\/04\/494358529_1738508943710336_925602864663869742_n-1024x1019.jpg",1024,1019,true],"covernews-medium":["https:\/\/centronoticias.com.ar\/portal\/wp-content\/uploads\/2025\/04\/494358529_1738508943710336_925602864663869742_n-540x340.jpg",540,340,true],"covernews-medium-square":["https:\/\/centronoticias.com.ar\/portal\/wp-content\/uploads\/2025\/04\/494358529_1738508943710336_925602864663869742_n-400x250.jpg",400,250,true]},"author_info":{"info":["Roberto Jourd\u00e1n"]},"category_info":"<a href=\"https:\/\/centronoticias.com.ar\/portal\/category\/departamental\/\" rel=\"category tag\">Departamental<\/a>","tag_info":"Departamental","comment_count":"0","_links":{"self":[{"href":"https:\/\/centronoticias.com.ar\/portal\/wp-json\/wp\/v2\/posts\/2615","targetHints":{"allow":["GET"]}}],"collection":[{"href":"https:\/\/centronoticias.com.ar\/portal\/wp-json\/wp\/v2\/posts"}],"about":[{"href":"https:\/\/centronoticias.com.ar\/portal\/wp-json\/wp\/v2\/types\/post"}],"author":[{"embeddable":true,"href":"https:\/\/centronoticias.com.ar\/portal\/wp-json\/wp\/v2\/users\/3"}],"replies":[{"embeddable":true,"href":"https:\/\/centronoticias.com.ar\/portal\/wp-json\/wp\/v2\/comments?post=2615"}],"version-history":[{"count":2,"href":"https:\/\/centronoticias.com.ar\/portal\/wp-json\/wp\/v2\/posts\/2615\/revisions"}],"predecessor-version":[{"id":2618,"href":"https:\/\/centronoticias.com.ar\/portal\/wp-json\/wp\/v2\/posts\/2615\/revisions\/2618"}],"wp:featuredmedia":[{"embeddable":true,"href":"https:\/\/centronoticias.com.ar\/portal\/wp-json\/wp\/v2\/media\/2616"}],"wp:attachment":[{"href":"https:\/\/centronoticias.com.ar\/portal\/wp-json\/wp\/v2\/media?parent=2615"}],"wp:term":[{"taxonomy":"category","embeddable":true,"href":"https:\/\/centronoticias.com.ar\/portal\/wp-json\/wp\/v2\/categories?post=2615"},{"taxonomy":"post_tag","embeddable":true,"href":"https:\/\/centronoticias.com.ar\/portal\/wp-json\/wp\/v2\/tags?post=2615"}],"curies":[{"name":"wp","href":"https:\/\/api.w.org\/{rel}","templated":true}]}}