{"id":2612,"date":"2025-04-29T08:28:26","date_gmt":"2025-04-29T11:28:26","guid":{"rendered":"https:\/\/centronoticias.com.ar\/portal\/?p=2612"},"modified":"2025-04-29T08:28:26","modified_gmt":"2025-04-29T11:28:26","slug":"agmer-sobre-iosper-el-gobierno-quiere-apropiarse-de-una-de-las-cajas-mas-importantes-de-la-provincia","status":"publish","type":"post","link":"https:\/\/centronoticias.com.ar\/portal\/agmer-sobre-iosper-el-gobierno-quiere-apropiarse-de-una-de-las-cajas-mas-importantes-de-la-provincia\/","title":{"rendered":"Agmer sobre Iosper: \u201cEl Gobierno quiere apropiarse de una de las cajas m\u00e1s importantes de la provincia\u201d"},"content":{"rendered":"\n<p class=\"has-medium-font-size\">La Asociaci\u00f3n Gremial del Magisterio de Entre R\u00edos (Agmer) convoc\u00f3 para este martes y de manera urgente a un Plenario de Secretarios Generales con el fin de defender la continuidad del Instituto de Obra Social de la Provincia de Entre R\u00edos (Iosper). El gremio rechaza de plano la intenci\u00f3n del gobierno provincial de avanzar en la disoluci\u00f3n del organismo y alerta sobre un &#8220;nuevo ataque contra los derechos hist\u00f3ricos de los trabajadores entrerrianos&#8221;.<\/p>\n\n\n\n<p class=\"has-medium-font-size\">La reacci\u00f3n de Agmer se produjo tras las declaraciones del gobernador Rogelio Frigerio, quien anunci\u00f3 la creaci\u00f3n de una nueva obra social, la OSER, en reemplazo del Iosper. Desde el sindicato docente se\u00f1alaron que este intento de disoluci\u00f3n &#8220;se sostiene en argumentos falaces&#8221; y denunciaron que detr\u00e1s del proyecto se esconde el prop\u00f3sito de &#8220;apropiarse de una de las cajas m\u00e1s importantes de la provincia&#8221;.<\/p>\n\n\n\n<p class=\"has-medium-font-size\">\u201cEl intento de disoluci\u00f3n del Iosper avanza contra un derecho hist\u00f3rico que tenemos los y las trabajadoras de elegir las autoridades de nuestra obra social\u201d, enfatizaron y consideraron que \u201cel desfinanciamiento de nuestra obra social tiene como responsables las pol\u00edticas nacionales y provinciales\u201d.<\/p>\n\n\n\n<p class=\"has-medium-font-size\">En tal sentido, hicieron hincapi\u00e9 en \u201clas pol\u00edticas que produjeron una devaluaci\u00f3n de m\u00e1s del 120 % de nuestra moneda, reduciendo un 20% del poder adquisitivo de nuestros salarios\u201d. Y advirtieron que \u201cesto fue acompa\u00f1ado por \u2018los montos en negro\u2019 y \u2018los salarios a la baja\u2019 que desfinanciaron la obra social\u201d.<\/p>\n\n\n\n<p class=\"has-medium-font-size\">Y fueron m\u00e1s all\u00e1 al aseverar que \u201ca esta devaluaci\u00f3n se le sum\u00f3 la inflaci\u00f3n que dispar\u00f3 exponencialmente el costo de medicamentos y prestaciones. que en muchos casos est\u00e1n dolarizadas, como dijimos en momentos de la intervenci\u00f3n\u201d.<\/p>\n\n\n\n<h2 class=\"wp-block-heading has-text-align-center\"><em><a href=\"https:\/\/centronoticias.com.ar\/portal\/frigerio-envio-a-la-legislatura-un-proyecto-de-ley-de-creacion-de-la-obra-social-de-entre-rios\/\"><strong>Frigerio envi\u00f3 a la Legislatura un proyecto de ley de creaci\u00f3n de la Obra Social de Entre R\u00edos<\/strong><\/a><\/em><\/h2>\n\n\n\n<p class=\"has-medium-font-size\">\u201cNuestra obra social ha venido batallando en contra de acciones corporativas que imprimen su m\u00e1xima presi\u00f3n sobre uno de los lugares m\u00e1s sensibles para la clase trabajadora. A pesar de todos los inconvenientes econ\u00f3micos, nuestra obra social culmin\u00f3 el a\u00f1o 2023 con super\u00e1vit y hasta su intervenci\u00f3n sostuvo todos los convenios firmados en total cumplimiento y con aranceles actualizados\u201d, destacaron desde Agmer.<\/p>\n\n\n\n<p class=\"has-medium-font-size\">\u201cDefendemos a nuestra obra social solidaria y su \u00f3rgano de conducci\u00f3n obrera en los t\u00e9rminos que lo ha venido haciendo hist\u00f3ricamente\u201d, manifestaron y fueron contundentes: \u201cRechazamos su intervenci\u00f3n y cualquier proyecto de disoluci\u00f3n\u201d.<\/p>\n\n\n\n<p class=\"has-medium-font-size\">P\u00e1rrafo seguido, recordaron que \u201cla ley de creaci\u00f3n de Iosper prev\u00e9 desde 1973 la participaci\u00f3n en el Directorio de un representante del gobierno de turno y los mecanismos de auditor\u00edas. Iosper tiene m\u00e1s de 300.000 afiliadas y afiliados. Los mecanismos de control est\u00e1n previstos desde siempre\u201d.<\/p>\n\n\n\n<p class=\"has-medium-font-size\">\u201cLa nueva avanzada contra los trabajadores entrerrianos oculta el ajuste nacional y provincial, y miente para quedarse con una de las cajas m\u00e1s importantes de la provincia\u201d, advirtieron desde el sindicato docente.<\/p>\n\n\n\n<p class=\"has-medium-font-size\">En este marco, exigieron a los legisladores de la provincia que \u201casuman una defensa clara de la salud como derecho social y no levanten la mano por un proyecto perge\u00f1ado a espaldas de las y los trabajadores\u201d.<\/p>\n\n\n\n<p class=\"has-medium-font-size\">\u201cNos declaramos en alerta permanente en defensa de nuestra obra social, el Iospe\u201d y, en ese marco, convocaron \u2013\u201ccon car\u00e1cter de urgente\u201d- para este martes 29 de abril a las 11:30 al Plenario de Secretarios y Secretarias Generales, que sesionar\u00e1 en la ciudad de Paran\u00e1 en la sede de la seccional \u201cSusana Peta Acevedo\u201d.<\/p>\n\n\n\n<p class=\"has-medium-font-size\">\u201cConfluiremos en la unidad con sindicatos hermanos para definir en conjunto los pasos para enfrentar este proyecto antiobrero\u201d, concluyeron.<\/p>\n","protected":false},"excerpt":{"rendered":"<p>La Asociaci\u00f3n Gremial del Magisterio de Entre R\u00edos (Agmer) convoc\u00f3 para este martes y de&#8230;<\/p>\n","protected":false},"author":3,"featured_media":2613,"comment_status":"closed","ping_status":"open","sticky":false,"template":"","format":"standard","meta":{"footnotes":""},"categories":[21],"tags":[],"class_list":["post-2612","post","type-post","status-publish","format-standard","has-post-thumbnail","hentry","category-provinciales"],"featured_image_urls":{"full":["https:\/\/centronoticias.com.ar\/portal\/wp-content\/uploads\/2025\/04\/agmer-abril.jpg",819,1024,false],"thumbnail":["https:\/\/centronoticias.com.ar\/portal\/wp-content\/uploads\/2025\/04\/agmer-abril-150x150.jpg",150,150,true],"medium":["https:\/\/centronoticias.com.ar\/portal\/wp-content\/uploads\/2025\/04\/agmer-abril-240x300.jpg",240,300,true],"medium_large":["https:\/\/centronoticias.com.ar\/portal\/wp-content\/uploads\/2025\/04\/agmer-abril-768x960.jpg",640,800,true],"large":["https:\/\/centronoticias.com.ar\/portal\/wp-content\/uploads\/2025\/04\/agmer-abril.jpg",640,800,false],"1536x1536":["https:\/\/centronoticias.com.ar\/portal\/wp-content\/uploads\/2025\/04\/agmer-abril.jpg",819,1024,false],"2048x2048":["https:\/\/centronoticias.com.ar\/portal\/wp-content\/uploads\/2025\/04\/agmer-abril.jpg",819,1024,false],"covernews-slider-full":["https:\/\/centronoticias.com.ar\/portal\/wp-content\/uploads\/2025\/04\/agmer-abril-819x715.jpg",819,715,true],"covernews-slider-center":["https:\/\/centronoticias.com.ar\/portal\/wp-content\/uploads\/2025\/04\/agmer-abril-800x500.jpg",800,500,true],"covernews-featured":["https:\/\/centronoticias.com.ar\/portal\/wp-content\/uploads\/2025\/04\/agmer-abril.jpg",819,1024,false],"covernews-medium":["https:\/\/centronoticias.com.ar\/portal\/wp-content\/uploads\/2025\/04\/agmer-abril-540x340.jpg",540,340,true],"covernews-medium-square":["https:\/\/centronoticias.com.ar\/portal\/wp-content\/uploads\/2025\/04\/agmer-abril-400x250.jpg",400,250,true]},"author_info":{"info":["Roberto Jourd\u00e1n"]},"category_info":"<a href=\"https:\/\/centronoticias.com.ar\/portal\/category\/provinciales\/\" rel=\"category tag\">Provinciales<\/a>","tag_info":"Provinciales","comment_count":"0","_links":{"self":[{"href":"https:\/\/centronoticias.com.ar\/portal\/wp-json\/wp\/v2\/posts\/2612","targetHints":{"allow":["GET"]}}],"collection":[{"href":"https:\/\/centronoticias.com.ar\/portal\/wp-json\/wp\/v2\/posts"}],"about":[{"href":"https:\/\/centronoticias.com.ar\/portal\/wp-json\/wp\/v2\/types\/post"}],"author":[{"embeddable":true,"href":"https:\/\/centronoticias.com.ar\/portal\/wp-json\/wp\/v2\/users\/3"}],"replies":[{"embeddable":true,"href":"https:\/\/centronoticias.com.ar\/portal\/wp-json\/wp\/v2\/comments?post=2612"}],"version-history":[{"count":1,"href":"https:\/\/centronoticias.com.ar\/portal\/wp-json\/wp\/v2\/posts\/2612\/revisions"}],"predecessor-version":[{"id":2614,"href":"https:\/\/centronoticias.com.ar\/portal\/wp-json\/wp\/v2\/posts\/2612\/revisions\/2614"}],"wp:featuredmedia":[{"embeddable":true,"href":"https:\/\/centronoticias.com.ar\/portal\/wp-json\/wp\/v2\/media\/2613"}],"wp:attachment":[{"href":"https:\/\/centronoticias.com.ar\/portal\/wp-json\/wp\/v2\/media?parent=2612"}],"wp:term":[{"taxonomy":"category","embeddable":true,"href":"https:\/\/centronoticias.com.ar\/portal\/wp-json\/wp\/v2\/categories?post=2612"},{"taxonomy":"post_tag","embeddable":true,"href":"https:\/\/centronoticias.com.ar\/portal\/wp-json\/wp\/v2\/tags?post=2612"}],"curies":[{"name":"wp","href":"https:\/\/api.w.org\/{rel}","templated":true}]}}