{"id":2600,"date":"2025-04-28T12:43:05","date_gmt":"2025-04-28T15:43:05","guid":{"rendered":"https:\/\/centronoticias.com.ar\/portal\/?p=2600"},"modified":"2025-04-28T12:43:05","modified_gmt":"2025-04-28T15:43:05","slug":"enersa-proyecta-un-parque-solar-fotovoltaico-en-el-autodromo-ciudad-de-parana","status":"publish","type":"post","link":"https:\/\/centronoticias.com.ar\/portal\/enersa-proyecta-un-parque-solar-fotovoltaico-en-el-autodromo-ciudad-de-parana\/","title":{"rendered":"Enersa proyecta un parque solar fotovoltaico en el aut\u00f3dromo Ciudad de Paran\u00e1"},"content":{"rendered":"\n<p class=\"has-medium-font-size\"><strong>El predio del Aut\u00f3dromo Ciudad de Paran\u00e1 ser\u00e1 sede de una nueva apuesta por la generaci\u00f3n de energ\u00eda limpia en Entre R\u00edos. Enersa avanzar\u00e1 all\u00ed con la instalaci\u00f3n de un Parque Solar Fotovoltaico. El proyecto tiene como objetivo reforzar el sistema el\u00e9ctrico en una zona con creciente demanda energ\u00e9tica.<\/strong><\/p>\n\n\n\n<p class=\"has-medium-font-size\">Esta iniciativa se concret\u00f3 mediante la firma de un acta acuerdo entre Enersa y el Club de Volantes Entrerrianos. Por parte de Enersa, firmaron el presidente de la Empresa, Uriel Brupbacher, y el gerente general, Jorge Tarchini. Particip\u00f3, adem\u00e1s, el gerente de sector Energ\u00edas Renovables, Daniel Schwindt. En representaci\u00f3n del Club de Volantes Entrerrianos, lo hizo su presidente, Omar Jos\u00e9 Mart\u00ednez, y estuvo acompa\u00f1ado por el protesorero, Leandro Garciand\u00eda.<\/p>\n\n\n\n<p class=\"has-medium-font-size\">Al respecto, Brupbacher destac\u00f3 que: &#8220;la empresa viene trabajando desde hace tiempo en esta iniciativa, y hoy vemos los primeros resultados. Nos parece fundamental posicionar estos proyectos en espacios con visibilidad, como el aut\u00f3dromo, para fortalecer el v\u00ednculo entre la energ\u00eda y la comunidad&#8221;.<\/p>\n\n\n\n<p class=\"has-medium-font-size\">El acuerdo forma parte de una estrategia a largo plazo por parte de Enersa que promueve la generaci\u00f3n distribuida, el uso de fuentes renovables y la mejora de la calidad del servicio el\u00e9ctrico.&nbsp;<\/p>\n\n\n\n<p class=\"has-medium-font-size\">La generaci\u00f3n local permitir\u00e1 reducir la necesidad de transporte de energ\u00eda desde grandes distancias, optimizar costos y mejorar la prestaci\u00f3n del servicio. Adem\u00e1s, esta iniciativa se alinea con los principios establecidos en el art\u00edculo 83 de la Constituci\u00f3n Provincial, que promueve una pol\u00edtica ambiental basada en la sustentabilidad, la equidad intergeneracional y la utilizaci\u00f3n racional de los recursos.<\/p>\n\n\n\n<p class=\"has-medium-font-size\">Este nuevo paso reafirma el compromiso de Enersa con una transici\u00f3n energ\u00e9tica sustentable, apostando al trabajo conjunto entre el Estado y el sector privado para transformar el presente energ\u00e9tico de todos los entrerrianos.<\/p>\n","protected":false},"excerpt":{"rendered":"<p>El predio del Aut\u00f3dromo Ciudad de Paran\u00e1 ser\u00e1 sede de una nueva apuesta por la&#8230;<\/p>\n","protected":false},"author":3,"featured_media":2601,"comment_status":"closed","ping_status":"open","sticky":false,"template":"","format":"standard","meta":{"footnotes":""},"categories":[21],"tags":[],"class_list":["post-2600","post","type-post","status-publish","format-standard","has-post-thumbnail","hentry","category-provinciales"],"featured_image_urls":{"full":["https:\/\/centronoticias.com.ar\/portal\/wp-content\/uploads\/2025\/04\/enersa-autodromo.jpg",1024,576,false],"thumbnail":["https:\/\/centronoticias.com.ar\/portal\/wp-content\/uploads\/2025\/04\/enersa-autodromo-150x150.jpg",150,150,true],"medium":["https:\/\/centronoticias.com.ar\/portal\/wp-content\/uploads\/2025\/04\/enersa-autodromo-300x169.jpg",300,169,true],"medium_large":["https:\/\/centronoticias.com.ar\/portal\/wp-content\/uploads\/2025\/04\/enersa-autodromo-768x432.jpg",640,360,true],"large":["https:\/\/centronoticias.com.ar\/portal\/wp-content\/uploads\/2025\/04\/enersa-autodromo.jpg",640,360,false],"1536x1536":["https:\/\/centronoticias.com.ar\/portal\/wp-content\/uploads\/2025\/04\/enersa-autodromo.jpg",1024,576,false],"2048x2048":["https:\/\/centronoticias.com.ar\/portal\/wp-content\/uploads\/2025\/04\/enersa-autodromo.jpg",1024,576,false],"covernews-slider-full":["https:\/\/centronoticias.com.ar\/portal\/wp-content\/uploads\/2025\/04\/enersa-autodromo.jpg",1024,576,false],"covernews-slider-center":["https:\/\/centronoticias.com.ar\/portal\/wp-content\/uploads\/2025\/04\/enersa-autodromo-800x500.jpg",800,500,true],"covernews-featured":["https:\/\/centronoticias.com.ar\/portal\/wp-content\/uploads\/2025\/04\/enersa-autodromo.jpg",1024,576,false],"covernews-medium":["https:\/\/centronoticias.com.ar\/portal\/wp-content\/uploads\/2025\/04\/enersa-autodromo-540x340.jpg",540,340,true],"covernews-medium-square":["https:\/\/centronoticias.com.ar\/portal\/wp-content\/uploads\/2025\/04\/enersa-autodromo-400x250.jpg",400,250,true]},"author_info":{"info":["Roberto Jourd\u00e1n"]},"category_info":"<a href=\"https:\/\/centronoticias.com.ar\/portal\/category\/provinciales\/\" rel=\"category tag\">Provinciales<\/a>","tag_info":"Provinciales","comment_count":"0","_links":{"self":[{"href":"https:\/\/centronoticias.com.ar\/portal\/wp-json\/wp\/v2\/posts\/2600","targetHints":{"allow":["GET"]}}],"collection":[{"href":"https:\/\/centronoticias.com.ar\/portal\/wp-json\/wp\/v2\/posts"}],"about":[{"href":"https:\/\/centronoticias.com.ar\/portal\/wp-json\/wp\/v2\/types\/post"}],"author":[{"embeddable":true,"href":"https:\/\/centronoticias.com.ar\/portal\/wp-json\/wp\/v2\/users\/3"}],"replies":[{"embeddable":true,"href":"https:\/\/centronoticias.com.ar\/portal\/wp-json\/wp\/v2\/comments?post=2600"}],"version-history":[{"count":1,"href":"https:\/\/centronoticias.com.ar\/portal\/wp-json\/wp\/v2\/posts\/2600\/revisions"}],"predecessor-version":[{"id":2602,"href":"https:\/\/centronoticias.com.ar\/portal\/wp-json\/wp\/v2\/posts\/2600\/revisions\/2602"}],"wp:featuredmedia":[{"embeddable":true,"href":"https:\/\/centronoticias.com.ar\/portal\/wp-json\/wp\/v2\/media\/2601"}],"wp:attachment":[{"href":"https:\/\/centronoticias.com.ar\/portal\/wp-json\/wp\/v2\/media?parent=2600"}],"wp:term":[{"taxonomy":"category","embeddable":true,"href":"https:\/\/centronoticias.com.ar\/portal\/wp-json\/wp\/v2\/categories?post=2600"},{"taxonomy":"post_tag","embeddable":true,"href":"https:\/\/centronoticias.com.ar\/portal\/wp-json\/wp\/v2\/tags?post=2600"}],"curies":[{"name":"wp","href":"https:\/\/api.w.org\/{rel}","templated":true}]}}