{"id":1735,"date":"2025-03-27T23:07:57","date_gmt":"2025-03-28T02:07:57","guid":{"rendered":"https:\/\/centronoticias.com.ar\/portal\/?p=1735"},"modified":"2025-03-30T15:41:37","modified_gmt":"2025-03-30T18:41:37","slug":"frigerio-recibio-al-embajador-de-alemania-exploran-oportunidades-de-cooperacion-bilateral","status":"publish","type":"post","link":"https:\/\/centronoticias.com.ar\/portal\/frigerio-recibio-al-embajador-de-alemania-exploran-oportunidades-de-cooperacion-bilateral\/","title":{"rendered":"Frigerio recibi\u00f3 al embajador de Alemania: Exploran oportunidades de cooperaci\u00f3n bilateral"},"content":{"rendered":"\n<p style=\"font-size:24px\">El gobernador Rogelio Frigerio recibi\u00f3 al embajador de Alemania en Argentina, Dieter Laml\u00e9, con el objetivo de acordar una agenda de cooperaci\u00f3n que permita sustentar oportunidades de desarrollo en materia productiva, digital y cultural para la provincia.<\/p>\n\n\n\n<p style=\"font-size:24px\">En el encuentro, del que participaron el ministro de Desarrollo Econ\u00f3mico, Guillermo Bernaudo, y el secretario de Modernizaci\u00f3n, Emanuel Gainza, se explor\u00f3 c\u00f3mo profundizar los lazos productivos entre la provincia y Alemania; identificar oportunidades de innovaci\u00f3n, en las que el pa\u00eds germano pueda contribuir con el proceso de desarrollo econ\u00f3mico y social de Ente R\u00edos; y continuar con la integraci\u00f3n cultural de las jurisdicciones.<\/p>\n\n\n\n<p style=\"font-size:24px\">El embajador alem\u00e1n calific\u00f3 de &#8220;muy bueno&#8221; el encuentro y precis\u00f3 que &#8220;hablamos sobre las posibilidades de una coordinaci\u00f3n y cooperaci\u00f3n m\u00e1s estrecha, en especial de las exportaciones de miel y carne; pero tambi\u00e9n nuevos startup alemanes que deber\u00edan estar aqu\u00ed y estamos trabajando en eso&#8221;.<\/p>\n\n\n\n<p style=\"font-size:24px\">&#8220;Entre R\u00edos para la embajada es una provincia muy importante, porque hay una descendencia alemana muy fuerte. Justamente este a\u00f1o hemos lanzado los 200 a\u00f1os de la inmigraci\u00f3n alemana aqu\u00ed en Argentina y much\u00edsimos de los primeros colonos alemanes que llegaron a Argentina se quedaron aqu\u00ed en Entre R\u00edos&#8221;, subray\u00f3 el embajador.<\/p>\n\n\n\n<p style=\"font-size:24px\">Por su parte, Gainza se\u00f1al\u00f3 que &#8220;estamos contentos de recibir al embajador en nuestra provincia, no s\u00f3lo por los lazos culturales e hist\u00f3ricos que tiene Entre R\u00edos con Alemania, sino tambi\u00e9n porque tenemos una agenda de trabajo com\u00fan para poder llevar adelante&#8221;.<\/p>\n\n\n\n<p style=\"font-size:24px\">Destac\u00f3 que, en el encuentro, &#8220;el gobernador hizo un punteo sobre las cuestiones que tienen que ver con exportaci\u00f3n, productos como la miel y la carne que son centrales para la provincia de Entre R\u00edos. Tenemos mucho para poder crecer en exportaci\u00f3n hacia Alemania&#8221;.<\/p>\n\n\n\n<p style=\"font-size:24px\">Por otro lado, agreg\u00f3 que &#8220;hablamos tambi\u00e9n en t\u00e9rminos de tecnolog\u00eda, de la posibilidad de que empresas alemanas visiten Mirador Tec, que es el parque tecnol\u00f3gico que estamos desarrollando en la provincia. Y sobre todo de esta posibilidad de fortalecer la agenda que tenemos en com\u00fan, con lazos de un mont\u00f3n de familiares en Entre R\u00edos que son descendientes de alemanes y donde, m\u00e1s all\u00e1 de lo econ\u00f3mico y de la cuesti\u00f3n de la agenda, existe un lazo afectivo muy fuerte; hay una identidad entrerriana-alemana&#8221;.<\/p>\n","protected":false},"excerpt":{"rendered":"<p>El gobernador Rogelio Frigerio recibi\u00f3 al embajador de Alemania en Argentina, Dieter Laml\u00e9, con el&#8230;<\/p>\n","protected":false},"author":3,"featured_media":1736,"comment_status":"closed","ping_status":"open","sticky":false,"template":"","format":"standard","meta":{"footnotes":""},"categories":[21],"tags":[],"class_list":["post-1735","post","type-post","status-publish","format-standard","has-post-thumbnail","hentry","category-provinciales"],"featured_image_urls":{"full":["https:\/\/centronoticias.com.ar\/portal\/wp-content\/uploads\/2025\/03\/frigerio-alemania.jpg",800,534,false],"thumbnail":["https:\/\/centronoticias.com.ar\/portal\/wp-content\/uploads\/2025\/03\/frigerio-alemania-150x150.jpg",150,150,true],"medium":["https:\/\/centronoticias.com.ar\/portal\/wp-content\/uploads\/2025\/03\/frigerio-alemania-300x200.jpg",300,200,true],"medium_large":["https:\/\/centronoticias.com.ar\/portal\/wp-content\/uploads\/2025\/03\/frigerio-alemania-768x513.jpg",640,428,true],"large":["https:\/\/centronoticias.com.ar\/portal\/wp-content\/uploads\/2025\/03\/frigerio-alemania.jpg",640,427,false],"1536x1536":["https:\/\/centronoticias.com.ar\/portal\/wp-content\/uploads\/2025\/03\/frigerio-alemania.jpg",800,534,false],"2048x2048":["https:\/\/centronoticias.com.ar\/portal\/wp-content\/uploads\/2025\/03\/frigerio-alemania.jpg",800,534,false],"covernews-slider-full":["https:\/\/centronoticias.com.ar\/portal\/wp-content\/uploads\/2025\/03\/frigerio-alemania.jpg",800,534,false],"covernews-slider-center":["https:\/\/centronoticias.com.ar\/portal\/wp-content\/uploads\/2025\/03\/frigerio-alemania-800x500.jpg",800,500,true],"covernews-featured":["https:\/\/centronoticias.com.ar\/portal\/wp-content\/uploads\/2025\/03\/frigerio-alemania.jpg",800,534,false],"covernews-medium":["https:\/\/centronoticias.com.ar\/portal\/wp-content\/uploads\/2025\/03\/frigerio-alemania-540x340.jpg",540,340,true],"covernews-medium-square":["https:\/\/centronoticias.com.ar\/portal\/wp-content\/uploads\/2025\/03\/frigerio-alemania-400x250.jpg",400,250,true]},"author_info":{"info":["Roberto Jourd\u00e1n"]},"category_info":"<a href=\"https:\/\/centronoticias.com.ar\/portal\/category\/provinciales\/\" rel=\"category tag\">Provinciales<\/a>","tag_info":"Provinciales","comment_count":"0","_links":{"self":[{"href":"https:\/\/centronoticias.com.ar\/portal\/wp-json\/wp\/v2\/posts\/1735","targetHints":{"allow":["GET"]}}],"collection":[{"href":"https:\/\/centronoticias.com.ar\/portal\/wp-json\/wp\/v2\/posts"}],"about":[{"href":"https:\/\/centronoticias.com.ar\/portal\/wp-json\/wp\/v2\/types\/post"}],"author":[{"embeddable":true,"href":"https:\/\/centronoticias.com.ar\/portal\/wp-json\/wp\/v2\/users\/3"}],"replies":[{"embeddable":true,"href":"https:\/\/centronoticias.com.ar\/portal\/wp-json\/wp\/v2\/comments?post=1735"}],"version-history":[{"count":1,"href":"https:\/\/centronoticias.com.ar\/portal\/wp-json\/wp\/v2\/posts\/1735\/revisions"}],"predecessor-version":[{"id":1737,"href":"https:\/\/centronoticias.com.ar\/portal\/wp-json\/wp\/v2\/posts\/1735\/revisions\/1737"}],"wp:featuredmedia":[{"embeddable":true,"href":"https:\/\/centronoticias.com.ar\/portal\/wp-json\/wp\/v2\/media\/1736"}],"wp:attachment":[{"href":"https:\/\/centronoticias.com.ar\/portal\/wp-json\/wp\/v2\/media?parent=1735"}],"wp:term":[{"taxonomy":"category","embeddable":true,"href":"https:\/\/centronoticias.com.ar\/portal\/wp-json\/wp\/v2\/categories?post=1735"},{"taxonomy":"post_tag","embeddable":true,"href":"https:\/\/centronoticias.com.ar\/portal\/wp-json\/wp\/v2\/tags?post=1735"}],"curies":[{"name":"wp","href":"https:\/\/api.w.org\/{rel}","templated":true}]}}