{"id":1731,"date":"2025-03-27T19:22:54","date_gmt":"2025-03-27T22:22:54","guid":{"rendered":"https:\/\/centronoticias.com.ar\/portal\/?p=1731"},"modified":"2025-03-30T15:41:28","modified_gmt":"2025-03-30T18:41:28","slug":"una-persona-fallecio-en-un-accidente-domestico","status":"publish","type":"post","link":"https:\/\/centronoticias.com.ar\/portal\/una-persona-fallecio-en-un-accidente-domestico\/","title":{"rendered":"Una persona falleci\u00f3 en un accidente dom\u00e9stico"},"content":{"rendered":"\n<p style=\"font-size:24px\">El hecho ocurri\u00f3 en la tarde de este jueves 27 de marzo en San Salvador. <\/p>\n\n\n\n<p style=\"font-size:24px\">Personal de esta Jefatura Departamental San Salvador se aperson\u00f3 a una finca de calle Ituzang\u00f3 donde una persona mayor de edad se encontraba trabajando juntos a otros j\u00f3venes, y por circunstancias que se investigan recibi\u00f3 una descarga el\u00e9ctrica qu\u00e9 le hizo perder la vida.<\/p>\n\n\n\n<p style=\"font-size:24px\">En el lugar trabaja personal de Criminal\u00edstica, haci\u00e9ndose presente el Fiscal, luego fue entregado el cuerpo para su velatorio e inhumaci\u00f3n.<\/p>\n","protected":false},"excerpt":{"rendered":"<p>El hecho ocurri\u00f3 en la tarde de este jueves 27 de marzo en San Salvador&#8230;.<\/p>\n","protected":false},"author":3,"featured_media":1732,"comment_status":"closed","ping_status":"open","sticky":false,"template":"","format":"standard","meta":{"footnotes":""},"categories":[10],"tags":[],"class_list":["post-1731","post","type-post","status-publish","format-standard","has-post-thumbnail","hentry","category-pol-0"],"featured_image_urls":{"full":["https:\/\/centronoticias.com.ar\/portal\/wp-content\/uploads\/2025\/03\/fallecido-27.jpg",800,495,false],"thumbnail":["https:\/\/centronoticias.com.ar\/portal\/wp-content\/uploads\/2025\/03\/fallecido-27-150x150.jpg",150,150,true],"medium":["https:\/\/centronoticias.com.ar\/portal\/wp-content\/uploads\/2025\/03\/fallecido-27-300x186.jpg",300,186,true],"medium_large":["https:\/\/centronoticias.com.ar\/portal\/wp-content\/uploads\/2025\/03\/fallecido-27-768x475.jpg",640,396,true],"large":["https:\/\/centronoticias.com.ar\/portal\/wp-content\/uploads\/2025\/03\/fallecido-27.jpg",640,396,false],"1536x1536":["https:\/\/centronoticias.com.ar\/portal\/wp-content\/uploads\/2025\/03\/fallecido-27.jpg",800,495,false],"2048x2048":["https:\/\/centronoticias.com.ar\/portal\/wp-content\/uploads\/2025\/03\/fallecido-27.jpg",800,495,false],"covernews-slider-full":["https:\/\/centronoticias.com.ar\/portal\/wp-content\/uploads\/2025\/03\/fallecido-27.jpg",800,495,false],"covernews-slider-center":["https:\/\/centronoticias.com.ar\/portal\/wp-content\/uploads\/2025\/03\/fallecido-27.jpg",800,495,false],"covernews-featured":["https:\/\/centronoticias.com.ar\/portal\/wp-content\/uploads\/2025\/03\/fallecido-27.jpg",800,495,false],"covernews-medium":["https:\/\/centronoticias.com.ar\/portal\/wp-content\/uploads\/2025\/03\/fallecido-27-540x340.jpg",540,340,true],"covernews-medium-square":["https:\/\/centronoticias.com.ar\/portal\/wp-content\/uploads\/2025\/03\/fallecido-27-400x250.jpg",400,250,true]},"author_info":{"info":["Roberto Jourd\u00e1n"]},"category_info":"<a href=\"https:\/\/centronoticias.com.ar\/portal\/category\/pol-0\/\" rel=\"category tag\">Policiales<\/a>","tag_info":"Policiales","comment_count":"0","_links":{"self":[{"href":"https:\/\/centronoticias.com.ar\/portal\/wp-json\/wp\/v2\/posts\/1731","targetHints":{"allow":["GET"]}}],"collection":[{"href":"https:\/\/centronoticias.com.ar\/portal\/wp-json\/wp\/v2\/posts"}],"about":[{"href":"https:\/\/centronoticias.com.ar\/portal\/wp-json\/wp\/v2\/types\/post"}],"author":[{"embeddable":true,"href":"https:\/\/centronoticias.com.ar\/portal\/wp-json\/wp\/v2\/users\/3"}],"replies":[{"embeddable":true,"href":"https:\/\/centronoticias.com.ar\/portal\/wp-json\/wp\/v2\/comments?post=1731"}],"version-history":[{"count":2,"href":"https:\/\/centronoticias.com.ar\/portal\/wp-json\/wp\/v2\/posts\/1731\/revisions"}],"predecessor-version":[{"id":1734,"href":"https:\/\/centronoticias.com.ar\/portal\/wp-json\/wp\/v2\/posts\/1731\/revisions\/1734"}],"wp:featuredmedia":[{"embeddable":true,"href":"https:\/\/centronoticias.com.ar\/portal\/wp-json\/wp\/v2\/media\/1732"}],"wp:attachment":[{"href":"https:\/\/centronoticias.com.ar\/portal\/wp-json\/wp\/v2\/media?parent=1731"}],"wp:term":[{"taxonomy":"category","embeddable":true,"href":"https:\/\/centronoticias.com.ar\/portal\/wp-json\/wp\/v2\/categories?post=1731"},{"taxonomy":"post_tag","embeddable":true,"href":"https:\/\/centronoticias.com.ar\/portal\/wp-json\/wp\/v2\/tags?post=1731"}],"curies":[{"name":"wp","href":"https:\/\/api.w.org\/{rel}","templated":true}]}}