{"id":1716,"date":"2025-03-27T08:16:11","date_gmt":"2025-03-27T11:16:11","guid":{"rendered":"https:\/\/centronoticias.com.ar\/portal\/?p=1716"},"modified":"2025-03-30T15:41:20","modified_gmt":"2025-03-30T18:41:20","slug":"el-gabinete-provincial-analizo-el-listado-y-avance-de-obras-de-reparaciones-en-escuelas-y-hospitales","status":"publish","type":"post","link":"https:\/\/centronoticias.com.ar\/portal\/el-gabinete-provincial-analizo-el-listado-y-avance-de-obras-de-reparaciones-en-escuelas-y-hospitales\/","title":{"rendered":"El gabinete provincial analiz\u00f3 el listado y avance de obras de reparaciones en escuelas y hospitales"},"content":{"rendered":"\n<p style=\"font-size:24px\"><strong>El gobernador Rogelio Frigerio encabez\u00f3 este mi\u00e9rcoles en Casa de Gobierno una nueva reuni\u00f3n de gabinete. Se abordaron temas de gesti\u00f3n relacionados al avance de obras en escuelas y hospitales, modernizaci\u00f3n, cultura, desarrollo productivo y Regi\u00f3n Centro.<\/strong><\/p>\n\n\n\n<p style=\"font-size:24px\">Del encuentro participaron, adem\u00e1s de ministros y secretarios, la vicegobernadora Alicia Aluani, y el presidente de la C\u00e1mara de Diputados Gustavo Hein. En ese marco, el ministro de Desarrollo Econ\u00f3mico, Guillermo Bernaudo, relat\u00f3 que se plantearon &#8220;varios temas de inter\u00e9s&#8221;.<\/p>\n\n\n\n<p style=\"font-size:24px\">En esa l\u00ednea, apunt\u00f3 que en la reuni\u00f3n el gobernador &#8220;revis\u00f3 la lista de los finales de obras por departamentos, sobre todo de reparaciones en escuelas y hospitales, las que se ir\u00e1n inaugurando pr\u00f3ximamente&#8221;, explic\u00f3.<\/p>\n\n\n\n<p style=\"font-size:24px\">Resalt\u00f3 que las inauguraciones &#8220;siempre son importantes para la comunidad, desde el arreglo de un sistema cloacal en una escuela, a cambios de techos y composturas varias, que se han logrado, en muchos casos, luego de mucho tiempo de demora&#8221;, a\u00f1adi\u00f3.<\/p>\n\n\n\n<p style=\"font-size:24px\">Tambi\u00e9n trabajaron sobre la compra centralizada de equipos de electr\u00f3nica y computadoras. Otro tema tratado fue la participaci\u00f3n de Entre R\u00edos en la Expoagro, al que el ministro calific\u00f3 como &#8220;muy importante&#8221;. Por otro lado, precis\u00f3 que se otorgaron todos los cr\u00e9ditos subsidiados, a muy baja tasa, del nueve por ciento de Banco Naci\u00f3n y el gobernador &#8220;nos autoriz\u00f3 una ampliaci\u00f3n que ser\u00e1 entre un 40 y 50 por ciento para que m\u00e1s productores entrerrianos puedan acceder a bienes de capital&#8221;.<\/p>\n\n\n\n<p style=\"font-size:24px\">Por \u00faltimo, se refiri\u00f3 al recambio de autoridades de la Regi\u00f3n Centro que se realizar\u00e1 este jueves en Santa Fe, y del que participar\u00e1 el gobernador. &#8220;Es un evento muy importante y, adem\u00e1s, habr\u00e1 una agenda de anuncios de los gobernadores sobre algunos puntos de trabajo que se han planteado para la nueva etapa de la Regi\u00f3n Centro&#8221;, apunt\u00f3 el ministro.<\/p>\n","protected":false},"excerpt":{"rendered":"<p>El gobernador Rogelio Frigerio encabez\u00f3 este mi\u00e9rcoles en Casa de Gobierno una nueva reuni\u00f3n de&#8230;<\/p>\n","protected":false},"author":3,"featured_media":1717,"comment_status":"closed","ping_status":"open","sticky":false,"template":"","format":"standard","meta":{"footnotes":""},"categories":[21],"tags":[],"class_list":["post-1716","post","type-post","status-publish","format-standard","has-post-thumbnail","hentry","category-provinciales"],"featured_image_urls":{"full":["https:\/\/centronoticias.com.ar\/portal\/wp-content\/uploads\/2025\/03\/gabinete-26_03.jpg",800,534,false],"thumbnail":["https:\/\/centronoticias.com.ar\/portal\/wp-content\/uploads\/2025\/03\/gabinete-26_03-150x150.jpg",150,150,true],"medium":["https:\/\/centronoticias.com.ar\/portal\/wp-content\/uploads\/2025\/03\/gabinete-26_03-300x200.jpg",300,200,true],"medium_large":["https:\/\/centronoticias.com.ar\/portal\/wp-content\/uploads\/2025\/03\/gabinete-26_03-768x513.jpg",640,428,true],"large":["https:\/\/centronoticias.com.ar\/portal\/wp-content\/uploads\/2025\/03\/gabinete-26_03.jpg",640,427,false],"1536x1536":["https:\/\/centronoticias.com.ar\/portal\/wp-content\/uploads\/2025\/03\/gabinete-26_03.jpg",800,534,false],"2048x2048":["https:\/\/centronoticias.com.ar\/portal\/wp-content\/uploads\/2025\/03\/gabinete-26_03.jpg",800,534,false],"covernews-slider-full":["https:\/\/centronoticias.com.ar\/portal\/wp-content\/uploads\/2025\/03\/gabinete-26_03.jpg",800,534,false],"covernews-slider-center":["https:\/\/centronoticias.com.ar\/portal\/wp-content\/uploads\/2025\/03\/gabinete-26_03-800x500.jpg",800,500,true],"covernews-featured":["https:\/\/centronoticias.com.ar\/portal\/wp-content\/uploads\/2025\/03\/gabinete-26_03.jpg",800,534,false],"covernews-medium":["https:\/\/centronoticias.com.ar\/portal\/wp-content\/uploads\/2025\/03\/gabinete-26_03-540x340.jpg",540,340,true],"covernews-medium-square":["https:\/\/centronoticias.com.ar\/portal\/wp-content\/uploads\/2025\/03\/gabinete-26_03-400x250.jpg",400,250,true]},"author_info":{"info":["Roberto Jourd\u00e1n"]},"category_info":"<a href=\"https:\/\/centronoticias.com.ar\/portal\/category\/provinciales\/\" rel=\"category tag\">Provinciales<\/a>","tag_info":"Provinciales","comment_count":"0","_links":{"self":[{"href":"https:\/\/centronoticias.com.ar\/portal\/wp-json\/wp\/v2\/posts\/1716","targetHints":{"allow":["GET"]}}],"collection":[{"href":"https:\/\/centronoticias.com.ar\/portal\/wp-json\/wp\/v2\/posts"}],"about":[{"href":"https:\/\/centronoticias.com.ar\/portal\/wp-json\/wp\/v2\/types\/post"}],"author":[{"embeddable":true,"href":"https:\/\/centronoticias.com.ar\/portal\/wp-json\/wp\/v2\/users\/3"}],"replies":[{"embeddable":true,"href":"https:\/\/centronoticias.com.ar\/portal\/wp-json\/wp\/v2\/comments?post=1716"}],"version-history":[{"count":1,"href":"https:\/\/centronoticias.com.ar\/portal\/wp-json\/wp\/v2\/posts\/1716\/revisions"}],"predecessor-version":[{"id":1718,"href":"https:\/\/centronoticias.com.ar\/portal\/wp-json\/wp\/v2\/posts\/1716\/revisions\/1718"}],"wp:featuredmedia":[{"embeddable":true,"href":"https:\/\/centronoticias.com.ar\/portal\/wp-json\/wp\/v2\/media\/1717"}],"wp:attachment":[{"href":"https:\/\/centronoticias.com.ar\/portal\/wp-json\/wp\/v2\/media?parent=1716"}],"wp:term":[{"taxonomy":"category","embeddable":true,"href":"https:\/\/centronoticias.com.ar\/portal\/wp-json\/wp\/v2\/categories?post=1716"},{"taxonomy":"post_tag","embeddable":true,"href":"https:\/\/centronoticias.com.ar\/portal\/wp-json\/wp\/v2\/tags?post=1716"}],"curies":[{"name":"wp","href":"https:\/\/api.w.org\/{rel}","templated":true}]}}