{"id":1686,"date":"2025-03-24T21:38:11","date_gmt":"2025-03-25T00:38:11","guid":{"rendered":"https:\/\/centronoticias.com.ar\/portal\/?p=1686"},"modified":"2025-03-24T21:38:12","modified_gmt":"2025-03-25T00:38:12","slug":"el-picaflor-bailatero-llega-a-sansabores","status":"publish","type":"post","link":"https:\/\/centronoticias.com.ar\/portal\/el-picaflor-bailatero-llega-a-sansabores\/","title":{"rendered":"El Picaflor Bailatero llega a SanSabores"},"content":{"rendered":"\n<p style=\"font-size:24px\">El pr\u00f3ximo 20 de abril, en el escenario principal, el Picaflor Bailantero llega a San Salvador para hacer bailar a todo el p\u00fablico presente.<\/p>\n\n\n\n<p style=\"font-size:24px\">La invitaci\u00f3n es para el s\u00e1bado 20 de abril en el Predio del Arroz.<\/p>\n\n\n\n<p style=\"font-size:24px\">En abril, SanSabores. El Festival Regional, Gastron\u00f3mico y Cultural m\u00e1s importante de la regi\u00f3n. <\/p>\n\n\n\n<p style=\"font-size:24px\">\u00a1AGENDALO!<\/p>\n","protected":false},"excerpt":{"rendered":"<p>El pr\u00f3ximo 20 de abril, en el escenario principal, el Picaflor Bailantero llega a San&#8230;<\/p>\n","protected":false},"author":3,"featured_media":1687,"comment_status":"closed","ping_status":"open","sticky":false,"template":"","format":"standard","meta":{"footnotes":""},"categories":[15],"tags":[],"class_list":["post-1686","post","type-post","status-publish","format-standard","has-post-thumbnail","hentry","category-cultura-esp"],"featured_image_urls":{"full":["https:\/\/centronoticias.com.ar\/portal\/wp-content\/uploads\/2025\/03\/picaflor.jpg",722,800,false],"thumbnail":["https:\/\/centronoticias.com.ar\/portal\/wp-content\/uploads\/2025\/03\/picaflor-150x150.jpg",150,150,true],"medium":["https:\/\/centronoticias.com.ar\/portal\/wp-content\/uploads\/2025\/03\/picaflor-271x300.jpg",271,300,true],"medium_large":["https:\/\/centronoticias.com.ar\/portal\/wp-content\/uploads\/2025\/03\/picaflor.jpg",640,709,false],"large":["https:\/\/centronoticias.com.ar\/portal\/wp-content\/uploads\/2025\/03\/picaflor.jpg",640,709,false],"1536x1536":["https:\/\/centronoticias.com.ar\/portal\/wp-content\/uploads\/2025\/03\/picaflor.jpg",722,800,false],"2048x2048":["https:\/\/centronoticias.com.ar\/portal\/wp-content\/uploads\/2025\/03\/picaflor.jpg",722,800,false],"covernews-slider-full":["https:\/\/centronoticias.com.ar\/portal\/wp-content\/uploads\/2025\/03\/picaflor-722x715.jpg",722,715,true],"covernews-slider-center":["https:\/\/centronoticias.com.ar\/portal\/wp-content\/uploads\/2025\/03\/picaflor-722x500.jpg",722,500,true],"covernews-featured":["https:\/\/centronoticias.com.ar\/portal\/wp-content\/uploads\/2025\/03\/picaflor.jpg",722,800,false],"covernews-medium":["https:\/\/centronoticias.com.ar\/portal\/wp-content\/uploads\/2025\/03\/picaflor-540x340.jpg",540,340,true],"covernews-medium-square":["https:\/\/centronoticias.com.ar\/portal\/wp-content\/uploads\/2025\/03\/picaflor-400x250.jpg",400,250,true]},"author_info":{"info":["Roberto Jourd\u00e1n"]},"category_info":"<a href=\"https:\/\/centronoticias.com.ar\/portal\/category\/cultura-esp\/\" rel=\"category tag\">Cultura<\/a>","tag_info":"Cultura","comment_count":"0","_links":{"self":[{"href":"https:\/\/centronoticias.com.ar\/portal\/wp-json\/wp\/v2\/posts\/1686","targetHints":{"allow":["GET"]}}],"collection":[{"href":"https:\/\/centronoticias.com.ar\/portal\/wp-json\/wp\/v2\/posts"}],"about":[{"href":"https:\/\/centronoticias.com.ar\/portal\/wp-json\/wp\/v2\/types\/post"}],"author":[{"embeddable":true,"href":"https:\/\/centronoticias.com.ar\/portal\/wp-json\/wp\/v2\/users\/3"}],"replies":[{"embeddable":true,"href":"https:\/\/centronoticias.com.ar\/portal\/wp-json\/wp\/v2\/comments?post=1686"}],"version-history":[{"count":1,"href":"https:\/\/centronoticias.com.ar\/portal\/wp-json\/wp\/v2\/posts\/1686\/revisions"}],"predecessor-version":[{"id":1688,"href":"https:\/\/centronoticias.com.ar\/portal\/wp-json\/wp\/v2\/posts\/1686\/revisions\/1688"}],"wp:featuredmedia":[{"embeddable":true,"href":"https:\/\/centronoticias.com.ar\/portal\/wp-json\/wp\/v2\/media\/1687"}],"wp:attachment":[{"href":"https:\/\/centronoticias.com.ar\/portal\/wp-json\/wp\/v2\/media?parent=1686"}],"wp:term":[{"taxonomy":"category","embeddable":true,"href":"https:\/\/centronoticias.com.ar\/portal\/wp-json\/wp\/v2\/categories?post=1686"},{"taxonomy":"post_tag","embeddable":true,"href":"https:\/\/centronoticias.com.ar\/portal\/wp-json\/wp\/v2\/tags?post=1686"}],"curies":[{"name":"wp","href":"https:\/\/api.w.org\/{rel}","templated":true}]}}