{"id":1472,"date":"2025-03-15T21:16:49","date_gmt":"2025-03-16T00:16:49","guid":{"rendered":"https:\/\/centronoticias.com.ar\/portal\/?p=1472"},"modified":"2025-03-17T22:04:15","modified_gmt":"2025-03-18T01:04:15","slug":"greta-rodriguez-gano-el-maraton-dia-de-la-mujer","status":"publish","type":"post","link":"https:\/\/centronoticias.com.ar\/portal\/greta-rodriguez-gano-el-maraton-dia-de-la-mujer\/","title":{"rendered":"Greta Rodr\u00edguez gan\u00f3 el marat\u00f3n D\u00eda de la Mujer"},"content":{"rendered":"\n<p style=\"font-size:24px\">En la tarde del s\u00e1bado 15 de marzo la atleta de Deportes Villa Adela, Greta Rodr\u00edguez se impuso en la VI Marat\u00f3n D\u00eda de la Mujer en San Salvador. La prueba se corri\u00f3 en un circuito de 2,5km al cual se dio dos vueltas. Johanna Falc\u00f3n fue la mejor sansalvadore\u00f1a ubic\u00e1ndose tercera.<\/p>\n\n\n\n<p style=\"font-size:24px\">La largada y llegada de la competencia tuvo lugar en el Paseo \u201cLa Fraternidad\u201d, fue organizada por el \u00e1rea de la Mujer y el departamento de Deportes de la Municipalidad de San Salvador y cont\u00f3 con el apoyo de la Agrupaci\u00f3n Atl\u00e9tica \u201cLa Pantera\u201d.<\/p>\n\n\n\n<figure class=\"wp-block-image size-large is-resized\"><a href=\"https:\/\/centronoticias.com.ar\/portal\/wp-content\/uploads\/2025\/03\/greta.jpg\"><img decoding=\"async\" width=\"843\" height=\"1024\" src=\"https:\/\/centronoticias.com.ar\/portal\/wp-content\/uploads\/2025\/03\/greta-843x1024.jpg\" alt=\"\" class=\"wp-image-1475\" style=\"width:433px;height:auto\" srcset=\"https:\/\/centronoticias.com.ar\/portal\/wp-content\/uploads\/2025\/03\/greta-843x1024.jpg 843w, https:\/\/centronoticias.com.ar\/portal\/wp-content\/uploads\/2025\/03\/greta-247x300.jpg 247w, https:\/\/centronoticias.com.ar\/portal\/wp-content\/uploads\/2025\/03\/greta-768x933.jpg 768w, https:\/\/centronoticias.com.ar\/portal\/wp-content\/uploads\/2025\/03\/greta-1024x1244.jpg 1024w, https:\/\/centronoticias.com.ar\/portal\/wp-content\/uploads\/2025\/03\/greta.jpg 1080w\" sizes=\"(max-width: 843px) 100vw, 843px\" \/><\/a><\/figure>\n\n\n\n<p class=\"has-medium-font-size\"><em>En la imagen se ve el momento en el que Greta Rodriguez comienza a distanciarse de Le\u00f3n y Falc\u00f3n, cuando ingresaban a los \u00faltimos 500 metros de la carrera. <\/em><\/p>\n\n\n\n<p style=\"font-size:24px\"><strong>Clasificaci\u00f3n General:<\/strong><br>1\u00b0) Greta Rodr\u00edguez (Concordia)<br>2\u00b0) Miriam Le\u00f3n (Villaguay)<br>3\u00b0) Johana Falc\u00f3n (San Salvador)<br>4\u00b0) Rosa Monz\u00f3n (Concordia)<br>5\u00b0) Ayelen Sauceso (Concordia)<br>6\u00b0) Ivana Mansilla (Federal)<br>7\u00b0) Ver\u00f3nica Germanier (San Jos\u00e9)<br>8\u00b0)Patricia Garc\u00eda (San Salvador)<br>9\u00b0) Ivana Segovia (San Salvador)<br>10\u00b0) Vanesa Escudero (San Salvador)<\/p>\n\n\n\n<p style=\"font-size:24px\"> La instituci\u00f3n con mayor\u00eda de representantes, tanto en la marat\u00f3n como en la caminata, recibi\u00f3 una distinci\u00f3n especial. Las ganadoras fueron las chicas del Gimnasio Valentina Ben\u00edtez, seguidas por Strong Fitness y Newcom de SSS.<\/p>\n\n\n\n<p><\/p>\n","protected":false},"excerpt":{"rendered":"<p>En la tarde del s\u00e1bado 15 de marzo la atleta de Deportes Villa Adela, Greta&#8230;<\/p>\n","protected":false},"author":3,"featured_media":1473,"comment_status":"closed","ping_status":"open","sticky":false,"template":"","format":"standard","meta":{"footnotes":""},"categories":[6],"tags":[],"class_list":["post-1472","post","type-post","status-publish","format-standard","has-post-thumbnail","hentry","category-dep-0"],"featured_image_urls":{"full":["https:\/\/centronoticias.com.ar\/portal\/wp-content\/uploads\/2025\/03\/General-MAraton-Mujer.jpg",1200,834,false],"thumbnail":["https:\/\/centronoticias.com.ar\/portal\/wp-content\/uploads\/2025\/03\/General-MAraton-Mujer-150x150.jpg",150,150,true],"medium":["https:\/\/centronoticias.com.ar\/portal\/wp-content\/uploads\/2025\/03\/General-MAraton-Mujer-300x209.jpg",300,209,true],"medium_large":["https:\/\/centronoticias.com.ar\/portal\/wp-content\/uploads\/2025\/03\/General-MAraton-Mujer-768x534.jpg",640,445,true],"large":["https:\/\/centronoticias.com.ar\/portal\/wp-content\/uploads\/2025\/03\/General-MAraton-Mujer-1024x712.jpg",640,445,true],"1536x1536":["https:\/\/centronoticias.com.ar\/portal\/wp-content\/uploads\/2025\/03\/General-MAraton-Mujer.jpg",1200,834,false],"2048x2048":["https:\/\/centronoticias.com.ar\/portal\/wp-content\/uploads\/2025\/03\/General-MAraton-Mujer.jpg",1200,834,false],"covernews-slider-full":["https:\/\/centronoticias.com.ar\/portal\/wp-content\/uploads\/2025\/03\/General-MAraton-Mujer-1115x715.jpg",1115,715,true],"covernews-slider-center":["https:\/\/centronoticias.com.ar\/portal\/wp-content\/uploads\/2025\/03\/General-MAraton-Mujer-800x500.jpg",800,500,true],"covernews-featured":["https:\/\/centronoticias.com.ar\/portal\/wp-content\/uploads\/2025\/03\/General-MAraton-Mujer-1024x712.jpg",1024,712,true],"covernews-medium":["https:\/\/centronoticias.com.ar\/portal\/wp-content\/uploads\/2025\/03\/General-MAraton-Mujer-540x340.jpg",540,340,true],"covernews-medium-square":["https:\/\/centronoticias.com.ar\/portal\/wp-content\/uploads\/2025\/03\/General-MAraton-Mujer-400x250.jpg",400,250,true]},"author_info":{"info":["Roberto Jourd\u00e1n"]},"category_info":"<a href=\"https:\/\/centronoticias.com.ar\/portal\/category\/dep-0\/\" rel=\"category tag\">Deportes<\/a>","tag_info":"Deportes","comment_count":"0","_links":{"self":[{"href":"https:\/\/centronoticias.com.ar\/portal\/wp-json\/wp\/v2\/posts\/1472","targetHints":{"allow":["GET"]}}],"collection":[{"href":"https:\/\/centronoticias.com.ar\/portal\/wp-json\/wp\/v2\/posts"}],"about":[{"href":"https:\/\/centronoticias.com.ar\/portal\/wp-json\/wp\/v2\/types\/post"}],"author":[{"embeddable":true,"href":"https:\/\/centronoticias.com.ar\/portal\/wp-json\/wp\/v2\/users\/3"}],"replies":[{"embeddable":true,"href":"https:\/\/centronoticias.com.ar\/portal\/wp-json\/wp\/v2\/comments?post=1472"}],"version-history":[{"count":4,"href":"https:\/\/centronoticias.com.ar\/portal\/wp-json\/wp\/v2\/posts\/1472\/revisions"}],"predecessor-version":[{"id":1531,"href":"https:\/\/centronoticias.com.ar\/portal\/wp-json\/wp\/v2\/posts\/1472\/revisions\/1531"}],"wp:featuredmedia":[{"embeddable":true,"href":"https:\/\/centronoticias.com.ar\/portal\/wp-json\/wp\/v2\/media\/1473"}],"wp:attachment":[{"href":"https:\/\/centronoticias.com.ar\/portal\/wp-json\/wp\/v2\/media?parent=1472"}],"wp:term":[{"taxonomy":"category","embeddable":true,"href":"https:\/\/centronoticias.com.ar\/portal\/wp-json\/wp\/v2\/categories?post=1472"},{"taxonomy":"post_tag","embeddable":true,"href":"https:\/\/centronoticias.com.ar\/portal\/wp-json\/wp\/v2\/tags?post=1472"}],"curies":[{"name":"wp","href":"https:\/\/api.w.org\/{rel}","templated":true}]}}