{"id":11803,"date":"2026-09-04T20:24:11","date_gmt":"2026-09-04T23:24:11","guid":{"rendered":"https:\/\/centronoticias.com.ar\/portal\/?p=11803"},"modified":"2026-09-04T20:24:12","modified_gmt":"2026-09-04T23:24:12","slug":"finalizo-la-capacitacion-mayores-conectados-herramientas-digitales-y-ciberseguridad-para-los-adultos-mayores","status":"publish","type":"post","link":"https:\/\/centronoticias.com.ar\/portal\/finalizo-la-capacitacion-mayores-conectados-herramientas-digitales-y-ciberseguridad-para-los-adultos-mayores\/","title":{"rendered":"Finaliz\u00f3 la capacitaci\u00f3n \u201cMayores Conectados\u201d: herramientas digitales y ciberseguridad para los adultos mayores"},"content":{"rendered":"\n<p class=\"has-medium-font-size wp-block-paragraph\"><strong>Con una \u00faltima clase enfocada en la prevenci\u00f3n de estafas virtuales y navegaci\u00f3n segura a cargo de la Polic\u00eda departamental, concluy\u00f3 con \u00e9xito el ciclo formativo impulsado de manera conjunta entre organismos provinciales y municipales.<\/strong><\/p>\n\n\n\n<p class=\"has-medium-font-size wp-block-paragraph\">Con el objetivo de achicar la brecha digital y brindar mayor autonom\u00eda a los vecinos de la tercera edad, lleg\u00f3 a su fin la capacitaci\u00f3n <strong>\u201cMayores Conectados\u201d<\/strong>, una propuesta orientada a facilitar el uso de nuevas tecnolog\u00edas, optimizando la confianza y la seguridad a la hora de realizar tr\u00e1mites cotidianos, gestiones online y operaciones bancarias.<\/p>\n\n\n\n<p class=\"has-medium-font-size wp-block-paragraph\">El cierre del ciclo tuvo un fuerte impronta preventiva y de cuidado ciudadano. Durante la \u00faltima jornada, el eje central estuvo puesto en la <strong>ciberseguridad<\/strong>, contando con la valiosa participaci\u00f3n de agentes de la <strong>Jefatura Departamental de Polic\u00eda San Salvador<\/strong>, quienes brindaron recomendaciones pr\u00e1cticas, alertas sobre metodolog\u00edas de estafa virtual y herramientas esenciales para navegar y operar de manera segura en la web.<\/p>\n\n\n\n<h2 class=\"wp-block-heading\"><strong>Un trabajo articulado entre instituciones<\/strong><\/h2>\n\n\n\n<p class=\"has-medium-font-size wp-block-paragraph\">El \u00e9xito de la iniciativa radic\u00f3 en la s\u00f3lida articulaci\u00f3n interinstitucional que hizo posible su desarrollo en la ciudad. La capacitaci\u00f3n fue impulsada de manera conjunta por:<\/p>\n\n\n\n<ul class=\"wp-block-list\">\n<li class=\"has-medium-font-size\">La <strong>Secretar\u00eda de Modernizaci\u00f3n de Entre R\u00edos<\/strong>.<\/li>\n\n\n\n<li class=\"has-medium-font-size\">El <strong>Departamento de Educaci\u00f3n y Desarrollo Local<\/strong> de la Municipalidad de San Salvador.<\/li>\n\n\n\n<li class=\"has-medium-font-size\">La <strong>Caja de Jubilaciones y Pensiones de Entre R\u00edos<\/strong>.<\/li>\n\n\n\n<li class=\"has-medium-font-size\">El <strong>Banco Entre R\u00edos<\/strong>.<\/li>\n<\/ul>\n\n\n\n<p class=\"has-medium-font-size wp-block-paragraph\">Desde la organizaci\u00f3n destacaron la gran participaci\u00f3n y el entusiasmo de los adultos mayores durante todo el trayecto formativo, reafirmando el compromiso de seguir generando espacios de aprendizaje que acompa\u00f1en a la comunidad en un mundo cada vez m\u00e1s digitalizado.<\/p>\n\n\n\n<p class=\"wp-block-paragraph\"><\/p>\n","protected":false},"excerpt":{"rendered":"<p>Con una \u00faltima clase enfocada en la prevenci\u00f3n de estafas virtuales y navegaci\u00f3n segura a&#8230;<\/p>\n","protected":false},"author":3,"featured_media":11804,"comment_status":"closed","ping_status":"open","sticky":false,"template":"","format":"standard","meta":{"footnotes":""},"categories":[31],"tags":[],"class_list":["post-11803","post","type-post","status-publish","format-standard","has-post-thumbnail","hentry","category-locales"],"featured_image_urls":{"full":["https:\/\/centronoticias.com.ar\/portal\/wp-content\/uploads\/2026\/09\/mayores-conectados.jpg",1024,660,false],"thumbnail":["https:\/\/centronoticias.com.ar\/portal\/wp-content\/uploads\/2026\/09\/mayores-conectados-150x150.jpg",150,150,true],"medium":["https:\/\/centronoticias.com.ar\/portal\/wp-content\/uploads\/2026\/09\/mayores-conectados-300x193.jpg",300,193,true],"medium_large":["https:\/\/centronoticias.com.ar\/portal\/wp-content\/uploads\/2026\/09\/mayores-conectados-768x495.jpg",640,413,true],"large":["https:\/\/centronoticias.com.ar\/portal\/wp-content\/uploads\/2026\/09\/mayores-conectados.jpg",640,413,false],"1536x1536":["https:\/\/centronoticias.com.ar\/portal\/wp-content\/uploads\/2026\/09\/mayores-conectados.jpg",1024,660,false],"2048x2048":["https:\/\/centronoticias.com.ar\/portal\/wp-content\/uploads\/2026\/09\/mayores-conectados.jpg",1024,660,false],"covernews-slider-full":["https:\/\/centronoticias.com.ar\/portal\/wp-content\/uploads\/2026\/09\/mayores-conectados.jpg",1024,660,false],"covernews-slider-center":["https:\/\/centronoticias.com.ar\/portal\/wp-content\/uploads\/2026\/09\/mayores-conectados-800x500.jpg",800,500,true],"covernews-featured":["https:\/\/centronoticias.com.ar\/portal\/wp-content\/uploads\/2026\/09\/mayores-conectados.jpg",1024,660,false],"covernews-medium":["https:\/\/centronoticias.com.ar\/portal\/wp-content\/uploads\/2026\/09\/mayores-conectados-540x340.jpg",540,340,true],"covernews-medium-square":["https:\/\/centronoticias.com.ar\/portal\/wp-content\/uploads\/2026\/09\/mayores-conectados-400x250.jpg",400,250,true]},"author_info":{"info":["Roberto Jourd\u00e1n"]},"category_info":"<a href=\"https:\/\/centronoticias.com.ar\/portal\/category\/locales\/\" rel=\"category tag\">San Salvador<\/a>","tag_info":"San Salvador","comment_count":"0","_links":{"self":[{"href":"https:\/\/centronoticias.com.ar\/portal\/wp-json\/wp\/v2\/posts\/11803","targetHints":{"allow":["GET"]}}],"collection":[{"href":"https:\/\/centronoticias.com.ar\/portal\/wp-json\/wp\/v2\/posts"}],"about":[{"href":"https:\/\/centronoticias.com.ar\/portal\/wp-json\/wp\/v2\/types\/post"}],"author":[{"embeddable":true,"href":"https:\/\/centronoticias.com.ar\/portal\/wp-json\/wp\/v2\/users\/3"}],"replies":[{"embeddable":true,"href":"https:\/\/centronoticias.com.ar\/portal\/wp-json\/wp\/v2\/comments?post=11803"}],"version-history":[{"count":1,"href":"https:\/\/centronoticias.com.ar\/portal\/wp-json\/wp\/v2\/posts\/11803\/revisions"}],"predecessor-version":[{"id":11805,"href":"https:\/\/centronoticias.com.ar\/portal\/wp-json\/wp\/v2\/posts\/11803\/revisions\/11805"}],"wp:featuredmedia":[{"embeddable":true,"href":"https:\/\/centronoticias.com.ar\/portal\/wp-json\/wp\/v2\/media\/11804"}],"wp:attachment":[{"href":"https:\/\/centronoticias.com.ar\/portal\/wp-json\/wp\/v2\/media?parent=11803"}],"wp:term":[{"taxonomy":"category","embeddable":true,"href":"https:\/\/centronoticias.com.ar\/portal\/wp-json\/wp\/v2\/categories?post=11803"},{"taxonomy":"post_tag","embeddable":true,"href":"https:\/\/centronoticias.com.ar\/portal\/wp-json\/wp\/v2\/tags?post=11803"}],"curies":[{"name":"wp","href":"https:\/\/api.w.org\/{rel}","templated":true}]}}