{"id":11791,"date":"2026-09-03T23:06:17","date_gmt":"2026-09-04T02:06:17","guid":{"rendered":"https:\/\/centronoticias.com.ar\/portal\/?p=11791"},"modified":"2026-09-03T23:06:18","modified_gmt":"2026-09-04T02:06:18","slug":"rumbo-al-centenario-del-templo-tora-moshe-rescatan-el-impacto-de-la-inmigracion-judia-en-el-desarrollo-de-san-salvador","status":"publish","type":"post","link":"https:\/\/centronoticias.com.ar\/portal\/rumbo-al-centenario-del-templo-tora-moshe-rescatan-el-impacto-de-la-inmigracion-judia-en-el-desarrollo-de-san-salvador\/","title":{"rendered":"Rumbo al centenario del Templo Tor\u00e1 Moshe: rescatan el impacto de la inmigraci\u00f3n jud\u00eda en el desarrollo de San Salvador"},"content":{"rendered":"\n<p class=\"has-medium-font-size wp-block-paragraph\">En la sala San Martin, en el marco de la charla abierta rumbo al centenario del Templo Tor\u00e1 Moshe de San Salvador, Pascual Rivelis y Marta Nikel compartieron un valioso repaso hist\u00f3rico sobre los comienzos de la colectividad jud\u00eda en la localidad. A trav\u00e9s de sus testimonios, rescataron el rol determinante que tuvieron los primeros inmigrantes en la consolidaci\u00f3n comercial, profesional e institucional del pueblo durante las primeras d\u00e9cadas del siglo XX.<\/p>\n\n\n\n<figure class=\"wp-block-image size-large\"><a href=\"https:\/\/centronoticias.com.ar\/portal\/wp-content\/uploads\/2026\/09\/publico-charla-03_09.jpg\"><img decoding=\"async\" width=\"1024\" height=\"577\" src=\"https:\/\/centronoticias.com.ar\/portal\/wp-content\/uploads\/2026\/09\/publico-charla-03_09-1024x577.jpg\" alt=\"\" class=\"wp-image-11794\" srcset=\"https:\/\/centronoticias.com.ar\/portal\/wp-content\/uploads\/2026\/09\/publico-charla-03_09-1024x577.jpg 1024w, https:\/\/centronoticias.com.ar\/portal\/wp-content\/uploads\/2026\/09\/publico-charla-03_09-300x169.jpg 300w, https:\/\/centronoticias.com.ar\/portal\/wp-content\/uploads\/2026\/09\/publico-charla-03_09-768x432.jpg 768w, https:\/\/centronoticias.com.ar\/portal\/wp-content\/uploads\/2026\/09\/publico-charla-03_09-1536x865.jpg 1536w, https:\/\/centronoticias.com.ar\/portal\/wp-content\/uploads\/2026\/09\/publico-charla-03_09.jpg 1600w\" sizes=\"(max-width: 1024px) 100vw, 1024px\" \/><\/a><\/figure>\n\n\n\n<p class=\"has-medium-font-size wp-block-paragraph\"><strong>De artesanos a profesionales: el perfil urbano que impuls\u00f3 al pueblo<\/strong><\/p>\n\n\n\n<p class=\"has-medium-font-size wp-block-paragraph\">A diferencia de los asentamientos rurales orientados estrictamente a la colonizaci\u00f3n agr\u00edcola, la corriente migratoria que se estableci\u00f3 en el ejido urbano de San Salvador entre 1920 y 1940 tuvo un marcado car\u00e1cter prestador de servicios.<\/p>\n\n\n\n<p class=\"has-medium-font-size wp-block-paragraph\">Seg\u00fan destacaron los disertantes, este flujo humano estuvo integrado principalmente por:<\/p>\n\n\n\n<ul class=\"wp-block-list\">\n<li class=\"has-medium-font-size\"><strong>Oficios y artesan\u00edas:<\/strong> Artesanos, herreros y constructores que aportaron a la infraestructura b\u00e1sica.<\/li>\n\n\n\n<li class=\"has-medium-font-size\"><strong>Comercio y provisi\u00f3n:<\/strong> Comercios de ramos generales, proveedur\u00edas, panader\u00edas y elaboradores de alimentos.<\/li>\n\n\n\n<li class=\"has-medium-font-size\"><strong>Salud y servicios profesionales:<\/strong> M\u00e9dicos y farmac\u00e9uticos que brindaban atenci\u00f3n tanto a la poblaci\u00f3n local como a las colonias agr\u00edcolas circundantes.<\/li>\n<\/ul>\n\n\n\n<p class=\"has-medium-font-size wp-block-paragraph\">Esta oferta de servicios dinamiz\u00f3 la econom\u00eda local y convirti\u00f3 a la localidad en un punto neur\u00e1lgico de abastecimiento para toda la regi\u00f3n.<\/p>\n\n\n\n<p class=\"has-medium-font-size wp-block-paragraph\"><strong>1923-1925: La gestaci\u00f3n comunitaria y la edificaci\u00f3n del templo<\/strong><\/p>\n\n\n\n<p class=\"has-medium-font-size wp-block-paragraph\">El crecimiento de la comunidad dio paso a la necesidad de contar con un espacio institucional y religioso propio. En 1923, miembros de la propia poblaci\u00f3n conformaron la <strong>Asociaci\u00f3n Israelita de San Salvador<\/strong>, entidad que adquiri\u00f3 a Francisco Malarin el terreno destinado a la sede comunitaria.<\/p>\n\n\n\n<p class=\"has-medium-font-size wp-block-paragraph\">La edificaci\u00f3n del Templo Tor\u00e1 Moshe avanz\u00f3 a paso firme entre 1923 y 1925 gracias al trabajo coordinado de referentes locales:<\/p>\n\n\n\n<figure class=\"wp-block-table\"><table class=\"has-fixed-layout\"><thead><tr><td><strong>Actor \/ Constructor<\/strong><\/td><td><strong>Rol en la obra<\/strong><\/td><\/tr><\/thead><tbody><tr><td><strong>Luis Galvarini<\/strong><\/td><td>Responsable de la construcci\u00f3n e infraestructura edilicia.<\/td><\/tr><tr><td><strong>Slutzky (Herrero)<\/strong><\/td><td>Fabricante de las aberturas met\u00e1licas que a\u00fan conserva el edificio, confeccionadas en el taller donde funcion\u00f3 el cine.<\/td><\/tr><\/tbody><\/table><\/figure>\n\n\n\n<p class=\"has-medium-font-size wp-block-paragraph\">Para finales de 1925, la obra del templo se encontraba completamente finalizada, marcando el hito fundacional a partir del cual se afianz\u00f3 la llegada de nuevas familias provenientes de las colonias rurales vecinas.<\/p>\n\n\n\n<figure class=\"wp-block-image size-large\"><a href=\"https:\/\/centronoticias.com.ar\/portal\/wp-content\/uploads\/2026\/09\/Marta-Nikel-Rivelis.jpg\"><img decoding=\"async\" width=\"1024\" height=\"577\" src=\"https:\/\/centronoticias.com.ar\/portal\/wp-content\/uploads\/2026\/09\/Marta-Nikel-Rivelis-1024x577.jpg\" alt=\"\" class=\"wp-image-11795\" srcset=\"https:\/\/centronoticias.com.ar\/portal\/wp-content\/uploads\/2026\/09\/Marta-Nikel-Rivelis-1024x577.jpg 1024w, https:\/\/centronoticias.com.ar\/portal\/wp-content\/uploads\/2026\/09\/Marta-Nikel-Rivelis-300x169.jpg 300w, https:\/\/centronoticias.com.ar\/portal\/wp-content\/uploads\/2026\/09\/Marta-Nikel-Rivelis-768x432.jpg 768w, https:\/\/centronoticias.com.ar\/portal\/wp-content\/uploads\/2026\/09\/Marta-Nikel-Rivelis-1536x865.jpg 1536w, https:\/\/centronoticias.com.ar\/portal\/wp-content\/uploads\/2026\/09\/Marta-Nikel-Rivelis.jpg 1600w\" sizes=\"(max-width: 1024px) 100vw, 1024px\" \/><\/a><figcaption class=\"wp-element-caption\">Marta Nikel y Pascual Rivelis. <\/figcaption><\/figure>\n\n\n\n<h2 class=\"wp-block-heading\">Primeros t\u00edtulos de propiedad y arraigo urbano (1908)<\/h2>\n\n\n\n<p class=\"has-medium-font-size wp-block-paragraph\">Si bien la llegada de familias de origen jud\u00edo a la provincia de Entre R\u00edos estuvo impulsada en sus comienzos por la gestaci\u00f3n de colonias agr\u00edcolas promovidas por la <em>Jewish Colonization Association<\/em> (JCA), en San Salvador el arraigo urbano tuvo sus propios hitos institucionales y dominiales.<\/p>\n\n\n\n<p class=\"has-medium-font-size wp-block-paragraph\">De acuerdo con las investigaciones de la historiadora local <strong>Marta Nukel<\/strong>, los primeros t\u00edtulos de propiedad y escrituras formales a nombre de integrantes de la comunidad jud\u00eda se concretaron en <strong>1908<\/strong>. Dichas operaciones representaron el primer paso de acceso legal al suelo urbano en la localidad, gestionadas de manera directa con <strong>Aurora Saint Sauver de Malar\u00edn<\/strong>, propietaria de las tierras sobre las que se traz\u00f3 y expandi\u00f3 el casco de San Salvador.<\/p>\n\n\n\n<h2 class=\"wp-block-heading\">La corriente migratoria interna desde las colonias vecinas (1920)<\/h2>\n\n\n\n<p class=\"has-medium-font-size wp-block-paragraph\">Con el paso de las d\u00e9cadas, la din\u00e1micas demogr\u00e1ficas de la regi\u00f3n experimentaron una importante transformaci\u00f3n. A partir de <strong>1920 en adelante<\/strong>, San Salvador comenz\u00f3 a recibir un importante volumen de familias a trav\u00e9s de un proceso de <strong>migraci\u00f3n interna<\/strong>.<\/p>\n\n\n\n<p class=\"has-medium-font-size wp-block-paragraph\">Este flujo no proven\u00eda directamente del ultramar europeo, sino de los asentamientos agr\u00edcolas cercanos que ya se encontraban consolidados en el departamento y sus alrededores. Entre las principales corrientes de reubicaci\u00f3n hacia el pueblo se destacaron los pobladores provenientes de:<\/p>\n\n\n\n<ul class=\"wp-block-list\">\n<li class=\"has-medium-font-size\"><strong>Colonia L\u00f3pez<\/strong><\/li>\n\n\n\n<li class=\"has-medium-font-size\"><strong>Colonia L\u00f3pez Berro<\/strong><\/li>\n<\/ul>\n\n\n\n<p class=\"has-medium-font-size wp-block-paragraph\">El traslado desde el \u00e1mbito rural hacia el centro urbano respondi\u00f3 a la b\u00fasqueda de nuevas oportunidades comerciales, el acceso a servicios de salud y educaci\u00f3n, y la necesidad de concentrar instituciones comunitarias, sinagogas y cooperativas.<\/p>\n\n\n\n<blockquote class=\"wp-block-quote is-layout-flow wp-block-quote-is-layout-flow\">\n<p class=\"has-medium-font-size wp-block-paragraph\"><em>&#8220;Las primeras escrituras de personas jud\u00edas fueron realizadas en 1908; adquirieron la propiedad o el terreno aqu\u00ed en San Salvador escriturando con la due\u00f1a de estas tierras, Aurora Saint Sauver de Malar\u00edn. A partir de 1920 en adelante se produjo la mayor llegada por una migraci\u00f3n interna de las colonias jud\u00edas cercanas, entre ellas Colonia L\u00f3pez y Colonia L\u00f3pez Berro.&#8221;<\/em><\/p>\n\n\n\n<p class=\"has-medium-font-size wp-block-paragraph\">\u2014 <strong>Marta Nikel<\/strong>, investigadora e historiadora.<\/p>\n<\/blockquote>\n","protected":false},"excerpt":{"rendered":"<p>En la sala San Martin, en el marco de la charla abierta rumbo al centenario&#8230;<\/p>\n","protected":false},"author":3,"featured_media":11793,"comment_status":"closed","ping_status":"open","sticky":false,"template":"","format":"standard","meta":{"footnotes":""},"categories":[15,31],"tags":[],"class_list":["post-11791","post","type-post","status-publish","format-standard","has-post-thumbnail","hentry","category-cultura-esp","category-locales"],"featured_image_urls":{"full":["https:\/\/centronoticias.com.ar\/portal\/wp-content\/uploads\/2026\/09\/Nikel-Rivelis.jpg",1434,846,false],"thumbnail":["https:\/\/centronoticias.com.ar\/portal\/wp-content\/uploads\/2026\/09\/Nikel-Rivelis-150x150.jpg",150,150,true],"medium":["https:\/\/centronoticias.com.ar\/portal\/wp-content\/uploads\/2026\/09\/Nikel-Rivelis-300x177.jpg",300,177,true],"medium_large":["https:\/\/centronoticias.com.ar\/portal\/wp-content\/uploads\/2026\/09\/Nikel-Rivelis-768x453.jpg",640,378,true],"large":["https:\/\/centronoticias.com.ar\/portal\/wp-content\/uploads\/2026\/09\/Nikel-Rivelis-1024x604.jpg",640,378,true],"1536x1536":["https:\/\/centronoticias.com.ar\/portal\/wp-content\/uploads\/2026\/09\/Nikel-Rivelis.jpg",1434,846,false],"2048x2048":["https:\/\/centronoticias.com.ar\/portal\/wp-content\/uploads\/2026\/09\/Nikel-Rivelis.jpg",1434,846,false],"covernews-slider-full":["https:\/\/centronoticias.com.ar\/portal\/wp-content\/uploads\/2026\/09\/Nikel-Rivelis-1115x715.jpg",1115,715,true],"covernews-slider-center":["https:\/\/centronoticias.com.ar\/portal\/wp-content\/uploads\/2026\/09\/Nikel-Rivelis-800x500.jpg",800,500,true],"covernews-featured":["https:\/\/centronoticias.com.ar\/portal\/wp-content\/uploads\/2026\/09\/Nikel-Rivelis-1024x604.jpg",1024,604,true],"covernews-medium":["https:\/\/centronoticias.com.ar\/portal\/wp-content\/uploads\/2026\/09\/Nikel-Rivelis-540x340.jpg",540,340,true],"covernews-medium-square":["https:\/\/centronoticias.com.ar\/portal\/wp-content\/uploads\/2026\/09\/Nikel-Rivelis-400x250.jpg",400,250,true]},"author_info":{"info":["Roberto Jourd\u00e1n"]},"category_info":"<a href=\"https:\/\/centronoticias.com.ar\/portal\/category\/cultura-esp\/\" rel=\"category tag\">Cultura<\/a> <a href=\"https:\/\/centronoticias.com.ar\/portal\/category\/locales\/\" rel=\"category tag\">San Salvador<\/a>","tag_info":"San Salvador","comment_count":"0","_links":{"self":[{"href":"https:\/\/centronoticias.com.ar\/portal\/wp-json\/wp\/v2\/posts\/11791","targetHints":{"allow":["GET"]}}],"collection":[{"href":"https:\/\/centronoticias.com.ar\/portal\/wp-json\/wp\/v2\/posts"}],"about":[{"href":"https:\/\/centronoticias.com.ar\/portal\/wp-json\/wp\/v2\/types\/post"}],"author":[{"embeddable":true,"href":"https:\/\/centronoticias.com.ar\/portal\/wp-json\/wp\/v2\/users\/3"}],"replies":[{"embeddable":true,"href":"https:\/\/centronoticias.com.ar\/portal\/wp-json\/wp\/v2\/comments?post=11791"}],"version-history":[{"count":2,"href":"https:\/\/centronoticias.com.ar\/portal\/wp-json\/wp\/v2\/posts\/11791\/revisions"}],"predecessor-version":[{"id":11796,"href":"https:\/\/centronoticias.com.ar\/portal\/wp-json\/wp\/v2\/posts\/11791\/revisions\/11796"}],"wp:featuredmedia":[{"embeddable":true,"href":"https:\/\/centronoticias.com.ar\/portal\/wp-json\/wp\/v2\/media\/11793"}],"wp:attachment":[{"href":"https:\/\/centronoticias.com.ar\/portal\/wp-json\/wp\/v2\/media?parent=11791"}],"wp:term":[{"taxonomy":"category","embeddable":true,"href":"https:\/\/centronoticias.com.ar\/portal\/wp-json\/wp\/v2\/categories?post=11791"},{"taxonomy":"post_tag","embeddable":true,"href":"https:\/\/centronoticias.com.ar\/portal\/wp-json\/wp\/v2\/tags?post=11791"}],"curies":[{"name":"wp","href":"https:\/\/api.w.org\/{rel}","templated":true}]}}