{"id":11788,"date":"2026-09-03T11:12:04","date_gmt":"2026-09-03T14:12:04","guid":{"rendered":"https:\/\/centronoticias.com.ar\/portal\/?p=11788"},"modified":"2026-09-03T11:12:05","modified_gmt":"2026-09-03T14:12:05","slug":"con-espiritu-deportivo-y-de-camaraderia-finalizaron-los-juegos-deportivos-evita-para-adultos-mayores-en-la-instancia-local","status":"publish","type":"post","link":"https:\/\/centronoticias.com.ar\/portal\/con-espiritu-deportivo-y-de-camaraderia-finalizaron-los-juegos-deportivos-evita-para-adultos-mayores-en-la-instancia-local\/","title":{"rendered":"Con esp\u00edritu deportivo y de camarader\u00eda, finalizaron los Juegos Deportivos Evita para Adultos Mayores en la instancia local"},"content":{"rendered":"\n<p class=\"has-medium-font-size wp-block-paragraph\"><strong>Con la disciplina de bochas disputada en el Club Santa Teresita, concluy\u00f3 la fase clasificatoria municipal. Ya se conocen los nombres de los representantes locales que buscar\u00e1n el pase en las instancias departamentales de Newcom y en General Campos.<\/strong><\/p>\n\n\n\n<p class=\"has-medium-font-size wp-block-paragraph\">La pasi\u00f3n por el deporte y la integraci\u00f3n no tienen edad, y as\u00ed qued\u00f3 demostrado una vez m\u00e1s con el cierre de la etapa local de los <strong>Juegos Deportivos Evita para Adultos Mayores<\/strong>. D\u00edas atr\u00e1s, con el torneo de bochas desarrollado en las instalaciones del <strong>Club Santa Teresita<\/strong>, culminaron los encuentros clasificatorios que definieron a los delegados de nuestra ciudad para las pr\u00f3ximas fases competitivas.<\/p>\n\n\n\n<p class=\"has-medium-font-size wp-block-paragraph\">A lo largo de las distintas jornadas, adultos mayores de San Salvador compartieron momentos de sana competencia, alegr\u00eda y compa\u00f1erismo, consolidando estos espacios como un punto de encuentro fundamental para la tercera edad.<\/p>\n\n\n\n<h2 class=\"wp-block-heading\"><strong>Los ganadores de la etapa local<\/strong><\/h2>\n\n\n\n<p class=\"has-medium-font-size wp-block-paragraph\">Tras intensas competencias en las diferentes disciplinas, la n\u00f3mina de representantes locales qued\u00f3 conformada de la siguiente manera:<\/p>\n\n\n\n<ul class=\"wp-block-list\">\n<li class=\"has-medium-font-size\"><strong>Bochas:<\/strong>\n<ul class=\"wp-block-list\">\n<li><em>Femenino:<\/em> N\u00e9lida Garc\u00eda y Francisca Acosta.<\/li>\n\n\n\n<li><em>Masculino:<\/em> C\u00e9sar Barsi y Hugo Auteville.<\/li>\n<\/ul>\n<\/li>\n\n\n\n<li class=\"has-medium-font-size\"><strong>Chinch\u00f3n:<\/strong> Graciela Ram\u00edrez.<\/li>\n\n\n\n<li class=\"has-medium-font-size\"><strong>Truco:<\/strong> Juan Garc\u00eda y Nora Su\u00e1rez.<\/li>\n\n\n\n<li class=\"has-medium-font-size\"><strong>Tejo:<\/strong>\n<ul class=\"wp-block-list\">\n<li class=\"has-medium-font-size\"><em>Pareja masculina:<\/em> Luis Su\u00e1rez y Francisco Bidal.<\/li>\n\n\n\n<li class=\"has-medium-font-size\"><em>Pareja mixta:<\/em> Luis de la Madrid y N\u00e9lida Huck.<\/li>\n\n\n\n<li class=\"has-medium-font-size\"><em>Pareja femenina:<\/em> Sara Mathey Doret y Nora Luggren.<\/li>\n<\/ul>\n<\/li>\n<\/ul>\n\n\n\n<h2 class=\"wp-block-heading\"><strong>Lo que viene: etapas departamentales<\/strong><\/h2>\n\n\n\n<p class=\"has-medium-font-size wp-block-paragraph\">El calendario oficial contin\u00faa su curso rumbo a las siguientes instancias regionales. Seg\u00fan se inform\u00f3, el <strong>pr\u00f3ximo mi\u00e9rcoles 9 de septiembre<\/strong>, el <strong>Polideportivo Municipal<\/strong> ser\u00e1 escenario de la <strong>etapa departamental en la disciplina Newcom<\/strong>.<\/p>\n\n\n\n<p class=\"has-medium-font-size wp-block-paragraph\">En tanto, el <strong>viernes 11 de septiembre<\/strong>, la vecina localidad de <strong>General Campos<\/strong> albergar\u00e1 el desarrollo del resto de las disciplinas, donde los representantes de San Salvador buscar\u00e1n seguir avanzando en el certamen.<\/p>\n\n\n\n<p class=\"has-medium-font-size wp-block-paragraph\">Desde la organizaci\u00f3n extendieron las felicitaciones a todos los participantes de esta etapa local por haber priorizado el deporte, la integraci\u00f3n y el disfrute compartido.<\/p>\n","protected":false},"excerpt":{"rendered":"<p>Con la disciplina de bochas disputada en el Club Santa Teresita, concluy\u00f3 la fase clasificatoria&#8230;<\/p>\n","protected":false},"author":3,"featured_media":11789,"comment_status":"closed","ping_status":"open","sticky":false,"template":"","format":"standard","meta":{"footnotes":""},"categories":[6],"tags":[],"class_list":["post-11788","post","type-post","status-publish","format-standard","has-post-thumbnail","hentry","category-dep-0"],"featured_image_urls":{"full":["https:\/\/centronoticias.com.ar\/portal\/wp-content\/uploads\/2026\/09\/Bochas-evita-Adultos.jpeg",1024,1280,false],"thumbnail":["https:\/\/centronoticias.com.ar\/portal\/wp-content\/uploads\/2026\/09\/Bochas-evita-Adultos-150x150.jpeg",150,150,true],"medium":["https:\/\/centronoticias.com.ar\/portal\/wp-content\/uploads\/2026\/09\/Bochas-evita-Adultos-240x300.jpeg",240,300,true],"medium_large":["https:\/\/centronoticias.com.ar\/portal\/wp-content\/uploads\/2026\/09\/Bochas-evita-Adultos-768x960.jpeg",640,800,true],"large":["https:\/\/centronoticias.com.ar\/portal\/wp-content\/uploads\/2026\/09\/Bochas-evita-Adultos-819x1024.jpeg",640,800,true],"1536x1536":["https:\/\/centronoticias.com.ar\/portal\/wp-content\/uploads\/2026\/09\/Bochas-evita-Adultos.jpeg",1024,1280,false],"2048x2048":["https:\/\/centronoticias.com.ar\/portal\/wp-content\/uploads\/2026\/09\/Bochas-evita-Adultos.jpeg",1024,1280,false],"covernews-slider-full":["https:\/\/centronoticias.com.ar\/portal\/wp-content\/uploads\/2026\/09\/Bochas-evita-Adultos-1024x715.jpeg",1024,715,true],"covernews-slider-center":["https:\/\/centronoticias.com.ar\/portal\/wp-content\/uploads\/2026\/09\/Bochas-evita-Adultos-800x500.jpeg",800,500,true],"covernews-featured":["https:\/\/centronoticias.com.ar\/portal\/wp-content\/uploads\/2026\/09\/Bochas-evita-Adultos.jpeg",1024,1280,false],"covernews-medium":["https:\/\/centronoticias.com.ar\/portal\/wp-content\/uploads\/2026\/09\/Bochas-evita-Adultos-540x340.jpeg",540,340,true],"covernews-medium-square":["https:\/\/centronoticias.com.ar\/portal\/wp-content\/uploads\/2026\/09\/Bochas-evita-Adultos-400x250.jpeg",400,250,true]},"author_info":{"info":["Roberto Jourd\u00e1n"]},"category_info":"<a href=\"https:\/\/centronoticias.com.ar\/portal\/category\/dep-0\/\" rel=\"category tag\">Deportes<\/a>","tag_info":"Deportes","comment_count":"0","_links":{"self":[{"href":"https:\/\/centronoticias.com.ar\/portal\/wp-json\/wp\/v2\/posts\/11788","targetHints":{"allow":["GET"]}}],"collection":[{"href":"https:\/\/centronoticias.com.ar\/portal\/wp-json\/wp\/v2\/posts"}],"about":[{"href":"https:\/\/centronoticias.com.ar\/portal\/wp-json\/wp\/v2\/types\/post"}],"author":[{"embeddable":true,"href":"https:\/\/centronoticias.com.ar\/portal\/wp-json\/wp\/v2\/users\/3"}],"replies":[{"embeddable":true,"href":"https:\/\/centronoticias.com.ar\/portal\/wp-json\/wp\/v2\/comments?post=11788"}],"version-history":[{"count":1,"href":"https:\/\/centronoticias.com.ar\/portal\/wp-json\/wp\/v2\/posts\/11788\/revisions"}],"predecessor-version":[{"id":11790,"href":"https:\/\/centronoticias.com.ar\/portal\/wp-json\/wp\/v2\/posts\/11788\/revisions\/11790"}],"wp:featuredmedia":[{"embeddable":true,"href":"https:\/\/centronoticias.com.ar\/portal\/wp-json\/wp\/v2\/media\/11789"}],"wp:attachment":[{"href":"https:\/\/centronoticias.com.ar\/portal\/wp-json\/wp\/v2\/media?parent=11788"}],"wp:term":[{"taxonomy":"category","embeddable":true,"href":"https:\/\/centronoticias.com.ar\/portal\/wp-json\/wp\/v2\/categories?post=11788"},{"taxonomy":"post_tag","embeddable":true,"href":"https:\/\/centronoticias.com.ar\/portal\/wp-json\/wp\/v2\/tags?post=11788"}],"curies":[{"name":"wp","href":"https:\/\/api.w.org\/{rel}","templated":true}]}}