{"id":11785,"date":"2026-09-03T11:07:18","date_gmt":"2026-09-03T14:07:18","guid":{"rendered":"https:\/\/centronoticias.com.ar\/portal\/?p=11785"},"modified":"2026-09-03T11:07:19","modified_gmt":"2026-09-03T14:07:19","slug":"san-salvador-conmemora-el-dia-del-inmigrante-este-viernes-se-realizara-el-tradicional-acto-y-izamiento-de-banderas","status":"publish","type":"post","link":"https:\/\/centronoticias.com.ar\/portal\/san-salvador-conmemora-el-dia-del-inmigrante-este-viernes-se-realizara-el-tradicional-acto-y-izamiento-de-banderas\/","title":{"rendered":"San Salvador conmemora el D\u00eda del Inmigrante: este viernes se realizar\u00e1 el tradicional acto y izamiento de banderas"},"content":{"rendered":"\n<p class=\"has-medium-font-size wp-block-paragraph\"><strong>A trav\u00e9s de una convocatoria abierta a toda la comunidad, la ciudad homenajear\u00e1 este 4 de septiembre a quienes llegaron desde distintos puntos del mundo para forjar su futuro en el pa\u00eds. El encuentro conmemorativo tendr\u00e1 lugar en la Plazoleta de los Pioneros.<\/strong><\/p>\n\n\n\n<p class=\"has-medium-font-size wp-block-paragraph\">Cada <strong>4 de septiembre<\/strong> se conmemora en la Argentina el <strong>D\u00eda del Inmigrante<\/strong>, una fecha instituida para recordar y rendir homenaje a aquellas personas que, dejando atr\u00e1s su tierra natal, sus afectos y sus ra\u00edces, arribaron al pa\u00eds con un equipaje cargado de sue\u00f1os, esperanzas y la incansable voluntad de construir un nuevo hogar.<\/p>\n\n\n\n<p class=\"has-medium-font-size wp-block-paragraph\">Las historias, las costumbres, la gastronom\u00eda y las profundas tradiciones legadas por los inmigrantes de distintas latitudes forman hoy parte indispensable de la identidad colectiva y de la riqueza cultural que caracteriza a la comunidad local y nacional.<\/p>\n\n\n\n<h2 class=\"wp-block-heading\"><strong>Acto oficial en la Plazoleta de los Pioneros<\/strong><\/h2>\n\n\n\n<p class=\"has-medium-font-size wp-block-paragraph\">En el marco de esta significativa fecha, la Municipalidad extendi\u00f3 una invitaci\u00f3n abierta a toda la ciudadan\u00eda para participar del <strong>izamiento de banderas<\/strong>, ceremonia oficial que se llevar\u00e1 a cabo <strong>este viernes 4 de septiembre, a partir de las 10:00 horas, en la Plazoleta de los Pioneros<\/strong>.<\/p>\n\n\n\n<p class=\"has-medium-font-size wp-block-paragraph\">El encuentro institucional se erige como un espacio propicio para recordar, reconocer y poner en valor el esfuerzo cotidiano de aquellos pioneros que hicieron de nuestra tierra su nuevo hogar, legando valores de trabajo, sacrificio y hospitalidad que perduran de generaci\u00f3n en generaci\u00f3n.<\/p>\n","protected":false},"excerpt":{"rendered":"<p>A trav\u00e9s de una convocatoria abierta a toda la comunidad, la ciudad homenajear\u00e1 este 4&#8230;<\/p>\n","protected":false},"author":3,"featured_media":11786,"comment_status":"closed","ping_status":"open","sticky":false,"template":"","format":"standard","meta":{"footnotes":""},"categories":[15],"tags":[],"class_list":["post-11785","post","type-post","status-publish","format-standard","has-post-thumbnail","hentry","category-cultura-esp"],"featured_image_urls":{"full":["https:\/\/centronoticias.com.ar\/portal\/wp-content\/uploads\/2026\/09\/Dia-Inmigrante.jpeg",1024,1280,false],"thumbnail":["https:\/\/centronoticias.com.ar\/portal\/wp-content\/uploads\/2026\/09\/Dia-Inmigrante-150x150.jpeg",150,150,true],"medium":["https:\/\/centronoticias.com.ar\/portal\/wp-content\/uploads\/2026\/09\/Dia-Inmigrante-240x300.jpeg",240,300,true],"medium_large":["https:\/\/centronoticias.com.ar\/portal\/wp-content\/uploads\/2026\/09\/Dia-Inmigrante-768x960.jpeg",640,800,true],"large":["https:\/\/centronoticias.com.ar\/portal\/wp-content\/uploads\/2026\/09\/Dia-Inmigrante-819x1024.jpeg",640,800,true],"1536x1536":["https:\/\/centronoticias.com.ar\/portal\/wp-content\/uploads\/2026\/09\/Dia-Inmigrante.jpeg",1024,1280,false],"2048x2048":["https:\/\/centronoticias.com.ar\/portal\/wp-content\/uploads\/2026\/09\/Dia-Inmigrante.jpeg",1024,1280,false],"covernews-slider-full":["https:\/\/centronoticias.com.ar\/portal\/wp-content\/uploads\/2026\/09\/Dia-Inmigrante-1024x715.jpeg",1024,715,true],"covernews-slider-center":["https:\/\/centronoticias.com.ar\/portal\/wp-content\/uploads\/2026\/09\/Dia-Inmigrante-800x500.jpeg",800,500,true],"covernews-featured":["https:\/\/centronoticias.com.ar\/portal\/wp-content\/uploads\/2026\/09\/Dia-Inmigrante.jpeg",1024,1280,false],"covernews-medium":["https:\/\/centronoticias.com.ar\/portal\/wp-content\/uploads\/2026\/09\/Dia-Inmigrante-540x340.jpeg",540,340,true],"covernews-medium-square":["https:\/\/centronoticias.com.ar\/portal\/wp-content\/uploads\/2026\/09\/Dia-Inmigrante-400x250.jpeg",400,250,true]},"author_info":{"info":["Roberto Jourd\u00e1n"]},"category_info":"<a href=\"https:\/\/centronoticias.com.ar\/portal\/category\/cultura-esp\/\" rel=\"category tag\">Cultura<\/a>","tag_info":"Cultura","comment_count":"0","_links":{"self":[{"href":"https:\/\/centronoticias.com.ar\/portal\/wp-json\/wp\/v2\/posts\/11785","targetHints":{"allow":["GET"]}}],"collection":[{"href":"https:\/\/centronoticias.com.ar\/portal\/wp-json\/wp\/v2\/posts"}],"about":[{"href":"https:\/\/centronoticias.com.ar\/portal\/wp-json\/wp\/v2\/types\/post"}],"author":[{"embeddable":true,"href":"https:\/\/centronoticias.com.ar\/portal\/wp-json\/wp\/v2\/users\/3"}],"replies":[{"embeddable":true,"href":"https:\/\/centronoticias.com.ar\/portal\/wp-json\/wp\/v2\/comments?post=11785"}],"version-history":[{"count":1,"href":"https:\/\/centronoticias.com.ar\/portal\/wp-json\/wp\/v2\/posts\/11785\/revisions"}],"predecessor-version":[{"id":11787,"href":"https:\/\/centronoticias.com.ar\/portal\/wp-json\/wp\/v2\/posts\/11785\/revisions\/11787"}],"wp:featuredmedia":[{"embeddable":true,"href":"https:\/\/centronoticias.com.ar\/portal\/wp-json\/wp\/v2\/media\/11786"}],"wp:attachment":[{"href":"https:\/\/centronoticias.com.ar\/portal\/wp-json\/wp\/v2\/media?parent=11785"}],"wp:term":[{"taxonomy":"category","embeddable":true,"href":"https:\/\/centronoticias.com.ar\/portal\/wp-json\/wp\/v2\/categories?post=11785"},{"taxonomy":"post_tag","embeddable":true,"href":"https:\/\/centronoticias.com.ar\/portal\/wp-json\/wp\/v2\/tags?post=11785"}],"curies":[{"name":"wp","href":"https:\/\/api.w.org\/{rel}","templated":true}]}}