{"id":11782,"date":"2026-09-03T11:02:02","date_gmt":"2026-09-03T14:02:02","guid":{"rendered":"https:\/\/centronoticias.com.ar\/portal\/?p=11782"},"modified":"2026-09-03T11:02:03","modified_gmt":"2026-09-03T14:02:03","slug":"san-salvador-se-llena-de-clasicos-este-domingo-llega-una-gran-caravana-de-jeeps-y-autos-antiguos-al-paseo-la-fraternidad","status":"publish","type":"post","link":"https:\/\/centronoticias.com.ar\/portal\/san-salvador-se-llena-de-clasicos-este-domingo-llega-una-gran-caravana-de-jeeps-y-autos-antiguos-al-paseo-la-fraternidad\/","title":{"rendered":"San Salvador se llena de cl\u00e1sicos: este domingo llega una gran caravana de jeeps y autos antiguos al Paseo La Fraternidad"},"content":{"rendered":"\n<p class=\"has-medium-font-size wp-block-paragraph\"><strong>La cita motor y recreativa reunir\u00e1 a veh\u00edculos hist\u00f3ricos provenientes de Villaguay y la regi\u00f3n. La jornada dominical se complementar\u00e1 con m\u00fasica en vivo, espect\u00e1culos art\u00edsticos y la tradicional Feria de Producci\u00f3n Local.<\/strong><\/p>\n\n\n\n<p class=\"has-medium-font-size wp-block-paragraph\">La agenda de eventos al aire libre suma una propuesta imperdible para este fin de semana. El pr\u00f3ximo domingo, los amantes de los fierros y la historia sobre ruedas tendr\u00e1n una cita convocante con la llegada de <strong>Villaguay Jeep, Autos Cl\u00e1sicos y Antiguos<\/strong>, que arribar\u00e1n a nuestra ciudad en una gran caravana cargada de historia y nostalgia.<\/p>\n\n\n\n<p class=\"has-medium-font-size wp-block-paragraph\">El punto de encuentro y llegada ser\u00e1 el tradicional <strong>Paseo La Fraternidad<\/strong>, donde los veh\u00edculos estar\u00e1n desembarcando <strong>a partir de las 14:30 horas<\/strong>. Vecinos y visitantes podr\u00e1n recorrer el predio para admirar verdaderas reliquias mec\u00e1nicas, charlar con sus propietarios, conocer las historias detr\u00e1s de cada modelo y compartir la pasi\u00f3n por el mundo motor.<\/p>\n\n\n\n<h2 class=\"wp-block-heading\"><strong>Una tarde completa con feria y m\u00fasica en vivo<\/strong><\/h2>\n\n\n\n<p class=\"has-medium-font-size wp-block-paragraph\">El despliegue de cl\u00e1sicos no vendr\u00e1 solo, ya que la propuesta municipal y cultural se ampl\u00eda para garantizar una tarde familiar imperdible.<\/p>\n\n\n\n<p class=\"has-medium-font-size wp-block-paragraph\">Mientras el p\u00fablico recorre la muestra de veh\u00edculos, el predio contar\u00e1 con los atractivos habituales que ya son un sello de los domingos en la ciudad:<\/p>\n\n\n\n<ul class=\"wp-block-list\">\n<li class=\"has-medium-font-size\"><strong>Feria de Producci\u00f3n Local:<\/strong> Un espacio destinado a visibilizar y comercializar la labor de emprendedores y artesanos locales.<\/li>\n\n\n\n<li class=\"has-medium-font-size\"><strong>Shows en vivo:<\/strong> La presentaci\u00f3n art\u00edstica de <strong>Cata Buet Bernardi<\/strong> sobre el escenario.<\/li>\n\n\n\n<li class=\"has-medium-font-size\"><strong>Musicalizaci\u00f3n:<\/strong> La animaci\u00f3n musical a cargo de <strong>Jota DJ<\/strong>, garantizando el clima festivo durante toda la jornada.<\/li>\n<\/ul>\n\n\n\n<p class=\"has-medium-font-size wp-block-paragraph\">Desde la organizaci\u00f3n invitan a las familias a acercarse al Paseo La Fraternidad con equipo de mate en mano para disfrutar de una tarde a pleno sol, arte, producci\u00f3n regional y fierros cl\u00e1sicos.<\/p>\n","protected":false},"excerpt":{"rendered":"<p>La cita motor y recreativa reunir\u00e1 a veh\u00edculos hist\u00f3ricos provenientes de Villaguay y la regi\u00f3n&#8230;.<\/p>\n","protected":false},"author":3,"featured_media":11783,"comment_status":"closed","ping_status":"open","sticky":false,"template":"","format":"standard","meta":{"footnotes":""},"categories":[31],"tags":[],"class_list":["post-11782","post","type-post","status-publish","format-standard","has-post-thumbnail","hentry","category-locales"],"featured_image_urls":{"full":["https:\/\/centronoticias.com.ar\/portal\/wp-content\/uploads\/2026\/09\/por-la-misma-huella.jpeg",1080,1350,false],"thumbnail":["https:\/\/centronoticias.com.ar\/portal\/wp-content\/uploads\/2026\/09\/por-la-misma-huella-150x150.jpeg",150,150,true],"medium":["https:\/\/centronoticias.com.ar\/portal\/wp-content\/uploads\/2026\/09\/por-la-misma-huella-240x300.jpeg",240,300,true],"medium_large":["https:\/\/centronoticias.com.ar\/portal\/wp-content\/uploads\/2026\/09\/por-la-misma-huella-768x960.jpeg",640,800,true],"large":["https:\/\/centronoticias.com.ar\/portal\/wp-content\/uploads\/2026\/09\/por-la-misma-huella-819x1024.jpeg",640,800,true],"1536x1536":["https:\/\/centronoticias.com.ar\/portal\/wp-content\/uploads\/2026\/09\/por-la-misma-huella.jpeg",1080,1350,false],"2048x2048":["https:\/\/centronoticias.com.ar\/portal\/wp-content\/uploads\/2026\/09\/por-la-misma-huella.jpeg",1080,1350,false],"covernews-slider-full":["https:\/\/centronoticias.com.ar\/portal\/wp-content\/uploads\/2026\/09\/por-la-misma-huella-1080x715.jpeg",1080,715,true],"covernews-slider-center":["https:\/\/centronoticias.com.ar\/portal\/wp-content\/uploads\/2026\/09\/por-la-misma-huella-800x500.jpeg",800,500,true],"covernews-featured":["https:\/\/centronoticias.com.ar\/portal\/wp-content\/uploads\/2026\/09\/por-la-misma-huella-1024x1280.jpeg",1024,1280,true],"covernews-medium":["https:\/\/centronoticias.com.ar\/portal\/wp-content\/uploads\/2026\/09\/por-la-misma-huella-540x340.jpeg",540,340,true],"covernews-medium-square":["https:\/\/centronoticias.com.ar\/portal\/wp-content\/uploads\/2026\/09\/por-la-misma-huella-400x250.jpeg",400,250,true]},"author_info":{"info":["Roberto Jourd\u00e1n"]},"category_info":"<a href=\"https:\/\/centronoticias.com.ar\/portal\/category\/locales\/\" rel=\"category tag\">San Salvador<\/a>","tag_info":"San Salvador","comment_count":"0","_links":{"self":[{"href":"https:\/\/centronoticias.com.ar\/portal\/wp-json\/wp\/v2\/posts\/11782","targetHints":{"allow":["GET"]}}],"collection":[{"href":"https:\/\/centronoticias.com.ar\/portal\/wp-json\/wp\/v2\/posts"}],"about":[{"href":"https:\/\/centronoticias.com.ar\/portal\/wp-json\/wp\/v2\/types\/post"}],"author":[{"embeddable":true,"href":"https:\/\/centronoticias.com.ar\/portal\/wp-json\/wp\/v2\/users\/3"}],"replies":[{"embeddable":true,"href":"https:\/\/centronoticias.com.ar\/portal\/wp-json\/wp\/v2\/comments?post=11782"}],"version-history":[{"count":1,"href":"https:\/\/centronoticias.com.ar\/portal\/wp-json\/wp\/v2\/posts\/11782\/revisions"}],"predecessor-version":[{"id":11784,"href":"https:\/\/centronoticias.com.ar\/portal\/wp-json\/wp\/v2\/posts\/11782\/revisions\/11784"}],"wp:featuredmedia":[{"embeddable":true,"href":"https:\/\/centronoticias.com.ar\/portal\/wp-json\/wp\/v2\/media\/11783"}],"wp:attachment":[{"href":"https:\/\/centronoticias.com.ar\/portal\/wp-json\/wp\/v2\/media?parent=11782"}],"wp:term":[{"taxonomy":"category","embeddable":true,"href":"https:\/\/centronoticias.com.ar\/portal\/wp-json\/wp\/v2\/categories?post=11782"},{"taxonomy":"post_tag","embeddable":true,"href":"https:\/\/centronoticias.com.ar\/portal\/wp-json\/wp\/v2\/tags?post=11782"}],"curies":[{"name":"wp","href":"https:\/\/api.w.org\/{rel}","templated":true}]}}