{"id":11776,"date":"2026-09-03T09:43:25","date_gmt":"2026-09-03T12:43:25","guid":{"rendered":"https:\/\/centronoticias.com.ar\/portal\/?p=11776"},"modified":"2026-09-03T09:43:26","modified_gmt":"2026-09-03T12:43:26","slug":"el-intendente-jorge-zambon-informo-sobre-demandas-judiciales-contra-el-municipio-y-detallo-millonarios-reclamos","status":"publish","type":"post","link":"https:\/\/centronoticias.com.ar\/portal\/el-intendente-jorge-zambon-informo-sobre-demandas-judiciales-contra-el-municipio-y-detallo-millonarios-reclamos\/","title":{"rendered":"El intendente Jorge Zamb\u00f3n informo sobre demandas judiciales contra el Municipio y detall\u00f3 millonarios reclamos"},"content":{"rendered":"\n<p class=\"has-medium-font-size wp-block-paragraph\"><strong>A trav\u00e9s de un mensaje a la comunidad, el jefe comunal dio a conocer los detalles de tres causas judiciales en tr\u00e1mite que involucran a la Municipalidad de San Salvador. Los expedientes comprenden un millonario pedido por da\u00f1os y perjuicios, una demanda contenciosa administrativa y un reclamo laboral vinculado al Programa Cooperar.<\/strong><\/p>\n\n\n\n<p class=\"has-medium-font-size wp-block-paragraph\">En un mensaje dirigido a los vecinos de la ciudad, el intendente municipal, <strong>Jorge Zamb\u00f3n<\/strong>, inform\u00f3 sobre el estado de distintas demandas judiciales promovidas contra el municipio, las cuales fueron elevadas recientemente al Honorable Concejo Deliberante mediante una comunicaci\u00f3n oficial.<\/p>\n\n\n\n<p class=\"has-medium-font-size wp-block-paragraph\">El objetivo de la medida es que tanto el cuerpo legislativo como la ciudadan\u00eda en general tomen conocimiento de cuestiones que eventualmente pudieran generar consecuencias patrimoniales para las arcas municipales. Desde el Ejecutivo aclararon que la comunicaci\u00f3n tiene car\u00e1cter estrictamente informativo, limit\u00e1ndose a rese\u00f1ar datos que surgen de los expedientes, y remarcaron que la publicaci\u00f3n no implica reconocer procedencia ni responsabilidad alguna, cuestiones que deber\u00e1n ser dirimidas por la Justicia.<\/p>\n\n\n\n<p class=\"has-medium-font-size wp-block-paragraph\">A continuaci\u00f3n, los tres expedientes judiciales detallados por el municipio:<\/p>\n\n\n\n<h2 class=\"wp-block-heading\"><strong>1. Reclamo por da\u00f1os y perjuicios ($262 millones)<\/strong><\/h2>\n\n\n\n<ul class=\"wp-block-list\">\n<li class=\"has-medium-font-size\"><strong>Car\u00e1tula:<\/strong> <em>\u201cVilla Daniel Cecilio y otra c\/ Municipalidad de San Salvador s\/ Da\u00f1os y Perjuicios\u201d<\/em>.<\/li>\n\n\n\n<li class=\"has-medium-font-size\"><strong>El caso:<\/strong> La demanda tiene por objeto obtener la reparaci\u00f3n integral de los da\u00f1os y perjuicios atribuidos a un accidente sufrido por una menor en el denominado <strong>\u201cPredio del Arroz\u201d<\/strong>, reclam\u00e1ndose judicialmente la suma actualizada de <strong>$262.380.301,59<\/strong>.<\/li>\n\n\n\n<li class=\"has-medium-font-size\"><strong>La postura municipal:<\/strong> Desde el municipio se\u00f1alaron que ser\u00e1 la Justicia la encargada de determinar la existencia y el alcance de una eventual responsabilidad, al tiempo que reiteraron el profundo pesar por lo sucedido, recordando que la familia fue acompa\u00f1ada desde el primer momento y durante las instancias posteriores. El patrocinio letrado est\u00e1 a cargo de la Dra. Susana Ben\u00edtez, del Estudio Jur\u00eddico Larrarte y Asociados.<\/li>\n<\/ul>\n\n\n\n<h2 class=\"wp-block-heading\"><strong>2. Demanda contenciosa administrativa por remoci\u00f3n de funciones<\/strong><\/h2>\n\n\n\n<ul class=\"wp-block-list\">\n<li class=\"has-medium-font-size\"><strong>Car\u00e1tula:<\/strong> <em>\u201cSu\u00e1rez Eduardo Gabriel c\/ Municipalidad de San Salvador s\/ Contencioso Administrativo\u201d<\/em>.<\/li>\n\n\n\n<li class=\"has-medium-font-size\"><strong>El caso:<\/strong> El actor solicita la nulidad de la <strong>Ordenanza N\u00ba 1753\/2024<\/strong> y del <strong>Decreto del Departamento Ejecutivo N\u00ba 234\/24<\/strong>, mediante los cuales se dispuso su remoci\u00f3n de las funciones que desempe\u00f1aba, requiriendo su restituci\u00f3n al cargo y el reconocimiento de diferencias de haberes.<\/li>\n\n\n\n<li class=\"has-medium-font-size\"><strong>La postura municipal:<\/strong> El Ejecutivo sostiene que los procedimientos administrativos se cumplieron conforme a la normativa y respetando las garant\u00edas aplicables, recordando que la remoci\u00f3n fue oportunamente aprobada por el Honorable Concejo Deliberante. Asimismo, la defensa municipal indic\u00f3 que el patrocinante del demandante, el Dr. Caraballo, interviene profesionalmente en expedientes de apremio del municipio y ha constituido domicilio en calle San Mart\u00edn N\u00ba 261.<\/li>\n<\/ul>\n\n\n\n<h2 class=\"wp-block-heading\"><strong>3. Reclamo laboral y planteo sobre el Programa Cooperar<\/strong><\/h2>\n\n\n\n<ul class=\"wp-block-list\">\n<li class=\"has-medium-font-size\"><strong>Car\u00e1tula:<\/strong> <em>\u201cRebord Norma Beatriz c\/ Municipalidad de San Salvador y otro \u2013 IAPSER \u2013\u201d<\/em>.<\/li>\n\n\n\n<li class=\"has-medium-font-size\"><strong>El caso:<\/strong> Se trata de un reclamo fundado en una relaci\u00f3n laboral denunciada por la actora, cuya pretensi\u00f3n econ\u00f3mica <strong>supera los $11.000.000<\/strong> por supuesta falta de registraci\u00f3n e incumplimiento en el pago de indemnizaciones. Adem\u00e1s, la demandante solicita la declaraci\u00f3n de inconstitucionalidad del <strong>Programa Cooperar<\/strong>.<\/li>\n\n\n\n<li class=\"has-medium-font-size\"><strong>La postura municipal:<\/strong> El municipio advirti\u00f3 sobre una particularidad institucional en este punto: el Programa Cooperar rige a partir de la Ordenanza N\u00ba 734\/2004, con su \u00faltima actualizaci\u00f3n mediante la <strong>Ordenanza N\u00ba 1046\/2012<\/strong>. Dicha norma fue sancionada bajo la presidencia del Concejo Deliberante del <strong>Dr. Lucas Larrarte<\/strong>, quien suscribi\u00f3 el instrumento en aquel entonces y hoy patrocina, a trav\u00e9s de su estudio jur\u00eddico (representado por la Dra. Susana Ben\u00edtez), la demanda que busca declarar su inconstitucionalidad.<\/li>\n<\/ul>\n\n\n\n<p class=\"has-medium-font-size wp-block-paragraph\">Desde el municipio concluyeron recordando que se trata de procesos en tr\u00e1mite, cuyas pretensiones y defensas t\u00e9cnicas deber\u00e1n ser resueltas en definitiva por los \u00f3rganos judiciales competentes.<\/p>\n\n\n\n<p class=\"wp-block-paragraph\"><\/p>\n","protected":false},"excerpt":{"rendered":"<p>A trav\u00e9s de un mensaje a la comunidad, el jefe comunal dio a conocer los&#8230;<\/p>\n","protected":false},"author":3,"featured_media":11780,"comment_status":"closed","ping_status":"open","sticky":false,"template":"","format":"standard","meta":{"footnotes":""},"categories":[31],"tags":[],"class_list":["post-11776","post","type-post","status-publish","format-standard","has-post-thumbnail","hentry","category-locales"],"featured_image_urls":{"full":["https:\/\/centronoticias.com.ar\/portal\/wp-content\/uploads\/2026\/09\/Jorge-Zambon-.jpeg",1170,1600,false],"thumbnail":["https:\/\/centronoticias.com.ar\/portal\/wp-content\/uploads\/2026\/09\/Jorge-Zambon--150x150.jpeg",150,150,true],"medium":["https:\/\/centronoticias.com.ar\/portal\/wp-content\/uploads\/2026\/09\/Jorge-Zambon--219x300.jpeg",219,300,true],"medium_large":["https:\/\/centronoticias.com.ar\/portal\/wp-content\/uploads\/2026\/09\/Jorge-Zambon--768x1050.jpeg",640,875,true],"large":["https:\/\/centronoticias.com.ar\/portal\/wp-content\/uploads\/2026\/09\/Jorge-Zambon--749x1024.jpeg",640,875,true],"1536x1536":["https:\/\/centronoticias.com.ar\/portal\/wp-content\/uploads\/2026\/09\/Jorge-Zambon--1123x1536.jpeg",1123,1536,true],"2048x2048":["https:\/\/centronoticias.com.ar\/portal\/wp-content\/uploads\/2026\/09\/Jorge-Zambon-.jpeg",1170,1600,false],"covernews-slider-full":["https:\/\/centronoticias.com.ar\/portal\/wp-content\/uploads\/2026\/09\/Jorge-Zambon--1115x715.jpeg",1115,715,true],"covernews-slider-center":["https:\/\/centronoticias.com.ar\/portal\/wp-content\/uploads\/2026\/09\/Jorge-Zambon--800x500.jpeg",800,500,true],"covernews-featured":["https:\/\/centronoticias.com.ar\/portal\/wp-content\/uploads\/2026\/09\/Jorge-Zambon--1024x1400.jpeg",1024,1400,true],"covernews-medium":["https:\/\/centronoticias.com.ar\/portal\/wp-content\/uploads\/2026\/09\/Jorge-Zambon--540x340.jpeg",540,340,true],"covernews-medium-square":["https:\/\/centronoticias.com.ar\/portal\/wp-content\/uploads\/2026\/09\/Jorge-Zambon--400x250.jpeg",400,250,true]},"author_info":{"info":["Roberto Jourd\u00e1n"]},"category_info":"<a href=\"https:\/\/centronoticias.com.ar\/portal\/category\/locales\/\" rel=\"category tag\">San Salvador<\/a>","tag_info":"San Salvador","comment_count":"0","_links":{"self":[{"href":"https:\/\/centronoticias.com.ar\/portal\/wp-json\/wp\/v2\/posts\/11776","targetHints":{"allow":["GET"]}}],"collection":[{"href":"https:\/\/centronoticias.com.ar\/portal\/wp-json\/wp\/v2\/posts"}],"about":[{"href":"https:\/\/centronoticias.com.ar\/portal\/wp-json\/wp\/v2\/types\/post"}],"author":[{"embeddable":true,"href":"https:\/\/centronoticias.com.ar\/portal\/wp-json\/wp\/v2\/users\/3"}],"replies":[{"embeddable":true,"href":"https:\/\/centronoticias.com.ar\/portal\/wp-json\/wp\/v2\/comments?post=11776"}],"version-history":[{"count":1,"href":"https:\/\/centronoticias.com.ar\/portal\/wp-json\/wp\/v2\/posts\/11776\/revisions"}],"predecessor-version":[{"id":11781,"href":"https:\/\/centronoticias.com.ar\/portal\/wp-json\/wp\/v2\/posts\/11776\/revisions\/11781"}],"wp:featuredmedia":[{"embeddable":true,"href":"https:\/\/centronoticias.com.ar\/portal\/wp-json\/wp\/v2\/media\/11780"}],"wp:attachment":[{"href":"https:\/\/centronoticias.com.ar\/portal\/wp-json\/wp\/v2\/media?parent=11776"}],"wp:term":[{"taxonomy":"category","embeddable":true,"href":"https:\/\/centronoticias.com.ar\/portal\/wp-json\/wp\/v2\/categories?post=11776"},{"taxonomy":"post_tag","embeddable":true,"href":"https:\/\/centronoticias.com.ar\/portal\/wp-json\/wp\/v2\/tags?post=11776"}],"curies":[{"name":"wp","href":"https:\/\/api.w.org\/{rel}","templated":true}]}}