{"id":11771,"date":"2026-09-02T20:30:52","date_gmt":"2026-09-02T23:30:52","guid":{"rendered":"https:\/\/centronoticias.com.ar\/portal\/?p=11771"},"modified":"2026-09-02T20:30:55","modified_gmt":"2026-09-02T23:30:55","slug":"alertas-por-lluvias-y-tormentas-para-este-jueves","status":"publish","type":"post","link":"https:\/\/centronoticias.com.ar\/portal\/alertas-por-lluvias-y-tormentas-para-este-jueves\/","title":{"rendered":"Alertas por lluvias y tormentas para este jueves"},"content":{"rendered":"\n<p class=\"has-medium-font-size wp-block-paragraph\">El Servicio Meteorol\u00f3gico Nacional emiti\u00f3 un alerta amarilla por tormentas para este jueves que alcanza a los departamentos Diamante, Gualeguay, Tala, Col\u00f3n, Uruguay, Gualeguaych\u00fa e Islas del Ibicuy.<\/p>\n\n\n\n<p class=\"has-medium-font-size wp-block-paragraph\">De acuerdo con el organismo, las \u00e1reas afectadas podr\u00edan registrar tormentas de variada intensidad, algunas localmente fuertes, acompa\u00f1adas principalmente por lluvias intensas en cortos per\u00edodos, frecuente actividad el\u00e9ctrica, r\u00e1fagas de viento y ocasional ca\u00edda de granizo.<\/p>\n\n\n\n<p class=\"has-medium-font-size wp-block-paragraph\">Se prev\u00e9n valores de precipitaci\u00f3n acumulada de entre 20 y 50 mil\u00edmetros, que podr\u00edan ser superados de manera puntual.<\/p>\n\n\n\n<p class=\"has-medium-font-size wp-block-paragraph\">Ante este escenario, se solicita a la poblaci\u00f3n extremar las precauciones y adoptar las siguientes medidas de seguridad.<\/p>\n\n\n\n<p class=\"has-medium-font-size wp-block-paragraph\">Se recomienda asegurar o retirar de balcones, terrazas y patios los objetos que puedan ser desplazados por el viento, como macetas, tendederos y muebles de jard\u00edn.<\/p>\n\n\n\n<p class=\"has-medium-font-size wp-block-paragraph\">Tambi\u00e9n se aconseja evitar la circulaci\u00f3n si no es estrictamente necesaria y no refugiarse debajo de \u00e1rboles, postes o estructuras que puedan representar un riesgo.<\/p>\n\n\n\n<p class=\"has-medium-font-size wp-block-paragraph\">En materia de residuos, se solicita no sacar la basura durante el per\u00edodo de alerta para evitar la obstrucci\u00f3n de sumideros y desag\u00fces y prevenir posibles anegamientos.<\/p>\n\n\n\n<p class=\"has-medium-font-size wp-block-paragraph\">En caso de tener que conducir, se recomienda hacerlo con las luces bajas encendidas, aumentar la distancia de frenado y evitar circular por calles o sectores anegados.<\/p>\n","protected":false},"excerpt":{"rendered":"<p>El Servicio Meteorol\u00f3gico Nacional emiti\u00f3 un alerta amarilla por tormentas para este jueves que alcanza&#8230;<\/p>\n","protected":false},"author":3,"featured_media":11772,"comment_status":"closed","ping_status":"open","sticky":false,"template":"","format":"standard","meta":{"footnotes":""},"categories":[21],"tags":[],"class_list":["post-11771","post","type-post","status-publish","format-standard","has-post-thumbnail","hentry","category-provinciales"],"featured_image_urls":{"full":["https:\/\/centronoticias.com.ar\/portal\/wp-content\/uploads\/2026\/09\/alerta-3.jpg",1920,1129,false],"thumbnail":["https:\/\/centronoticias.com.ar\/portal\/wp-content\/uploads\/2026\/09\/alerta-3-150x150.jpg",150,150,true],"medium":["https:\/\/centronoticias.com.ar\/portal\/wp-content\/uploads\/2026\/09\/alerta-3-300x176.jpg",300,176,true],"medium_large":["https:\/\/centronoticias.com.ar\/portal\/wp-content\/uploads\/2026\/09\/alerta-3-768x452.jpg",640,377,true],"large":["https:\/\/centronoticias.com.ar\/portal\/wp-content\/uploads\/2026\/09\/alerta-3-1024x602.jpg",640,376,true],"1536x1536":["https:\/\/centronoticias.com.ar\/portal\/wp-content\/uploads\/2026\/09\/alerta-3-1536x903.jpg",1536,903,true],"2048x2048":["https:\/\/centronoticias.com.ar\/portal\/wp-content\/uploads\/2026\/09\/alerta-3.jpg",1920,1129,false],"covernews-slider-full":["https:\/\/centronoticias.com.ar\/portal\/wp-content\/uploads\/2026\/09\/alerta-3-1115x715.jpg",1115,715,true],"covernews-slider-center":["https:\/\/centronoticias.com.ar\/portal\/wp-content\/uploads\/2026\/09\/alerta-3-800x500.jpg",800,500,true],"covernews-featured":["https:\/\/centronoticias.com.ar\/portal\/wp-content\/uploads\/2026\/09\/alerta-3-1024x602.jpg",1024,602,true],"covernews-medium":["https:\/\/centronoticias.com.ar\/portal\/wp-content\/uploads\/2026\/09\/alerta-3-540x340.jpg",540,340,true],"covernews-medium-square":["https:\/\/centronoticias.com.ar\/portal\/wp-content\/uploads\/2026\/09\/alerta-3-400x250.jpg",400,250,true]},"author_info":{"info":["Roberto Jourd\u00e1n"]},"category_info":"<a href=\"https:\/\/centronoticias.com.ar\/portal\/category\/provinciales\/\" rel=\"category tag\">Provinciales<\/a>","tag_info":"Provinciales","comment_count":"0","_links":{"self":[{"href":"https:\/\/centronoticias.com.ar\/portal\/wp-json\/wp\/v2\/posts\/11771","targetHints":{"allow":["GET"]}}],"collection":[{"href":"https:\/\/centronoticias.com.ar\/portal\/wp-json\/wp\/v2\/posts"}],"about":[{"href":"https:\/\/centronoticias.com.ar\/portal\/wp-json\/wp\/v2\/types\/post"}],"author":[{"embeddable":true,"href":"https:\/\/centronoticias.com.ar\/portal\/wp-json\/wp\/v2\/users\/3"}],"replies":[{"embeddable":true,"href":"https:\/\/centronoticias.com.ar\/portal\/wp-json\/wp\/v2\/comments?post=11771"}],"version-history":[{"count":1,"href":"https:\/\/centronoticias.com.ar\/portal\/wp-json\/wp\/v2\/posts\/11771\/revisions"}],"predecessor-version":[{"id":11773,"href":"https:\/\/centronoticias.com.ar\/portal\/wp-json\/wp\/v2\/posts\/11771\/revisions\/11773"}],"wp:featuredmedia":[{"embeddable":true,"href":"https:\/\/centronoticias.com.ar\/portal\/wp-json\/wp\/v2\/media\/11772"}],"wp:attachment":[{"href":"https:\/\/centronoticias.com.ar\/portal\/wp-json\/wp\/v2\/media?parent=11771"}],"wp:term":[{"taxonomy":"category","embeddable":true,"href":"https:\/\/centronoticias.com.ar\/portal\/wp-json\/wp\/v2\/categories?post=11771"},{"taxonomy":"post_tag","embeddable":true,"href":"https:\/\/centronoticias.com.ar\/portal\/wp-json\/wp\/v2\/tags?post=11771"}],"curies":[{"name":"wp","href":"https:\/\/api.w.org\/{rel}","templated":true}]}}