{"id":11751,"date":"2026-09-02T08:22:02","date_gmt":"2026-09-02T11:22:02","guid":{"rendered":"https:\/\/centronoticias.com.ar\/portal\/?p=11751"},"modified":"2026-09-02T08:24:44","modified_gmt":"2026-09-02T11:24:44","slug":"la-libertad-avanza-linea-pura-lanzo-una-convocatoria-para-sumar-jovenes-y-conformar-su-espacio-politico-en-san-salvador","status":"publish","type":"post","link":"https:\/\/centronoticias.com.ar\/portal\/la-libertad-avanza-linea-pura-lanzo-una-convocatoria-para-sumar-jovenes-y-conformar-su-espacio-politico-en-san-salvador\/","title":{"rendered":"La Libertad Avanza \u2013 L\u00ednea Pura lanz\u00f3 una convocatoria para sumar j\u00f3venes y conformar su espacio pol\u00edtico en San Salvador"},"content":{"rendered":"\n<p class=\"has-medium-font-size wp-block-paragraph\"><strong>Con el respaldo del diputado nacional Beltr\u00e1n Benedit, el sector pol\u00edtico inici\u00f3 el proceso formal para articular su juventud en el departamento. La iniciativa es encabezada a nivel provincial por Federico D\u00edaz y cuenta con el acompa\u00f1amiento local de la referente Griselda Reinoso.<\/strong> <em>Foto: Reuni\u00f3n de LLA en Nogoy\u00e1. <\/em><\/p>\n\n\n\n<p class=\"has-medium-font-size wp-block-paragraph\">En el marco de la expansi\u00f3n territorial que viene consolidando el espacio pol\u00edtico en la provincia, la conducci\u00f3n de la <strong>Juventud de La Libertad Avanza \u2013 L\u00ednea Pura en Entre R\u00edos<\/strong> lanz\u00f3 oficialmente una convocatoria abierta destinada a todos los j\u00f3venes de San Salvador que deseen sumarse, participar y comenzar a estructurar la juventud a nivel departamental.<\/p>\n\n\n\n<p class=\"has-medium-font-size wp-block-paragraph\">El proceso de incorporaci\u00f3n y armado territorial ser\u00e1 encabezado por el coordinador provincial del espacio, <strong>Federico D\u00edaz<\/strong>, quien remarc\u00f3 la importancia de arraigar las ideas del sector en cada rinc\u00f3n entrerriano.<\/p>\n\n\n\n<p class=\"has-medium-font-size wp-block-paragraph\">La iniciativa cuenta adem\u00e1s con el firme respaldo y acompa\u00f1amiento de <strong>Griselda Reinoso<\/strong>, referente de La Libertad Avanza \u2013 L\u00ednea Pura en el departamento San Salvador, quien destac\u00f3 el sentido de la convocatoria: <em>&#8220;La pol\u00edtica se construye en el territorio, escuchando, sumando y dando protagonismo a nuestros j\u00f3venes&#8221;<\/em>, se\u00f1al\u00f3.<\/p>\n\n\n\n<h4 class=\"wp-block-heading\"><strong>Una construcci\u00f3n con respaldo legislativo<\/strong><\/h4>\n\n\n\n<p class=\"has-medium-font-size wp-block-paragraph\">Este trabajo de articulaci\u00f3n pol\u00edtica se desarrolla de manera coordinada con los equipos t\u00e9cnicos de L\u00ednea Pura y cuenta con el aval directo del diputado nacional <strong>Beltr\u00e1n Benedit<\/strong>, impulsando una metodolog\u00eda de cercan\u00eda, participaci\u00f3n activa y presencia sostenida en toda la geograf\u00eda provincial.<\/p>\n\n\n\n<p class=\"has-medium-font-size wp-block-paragraph\">Por su parte, el coordinador provincial Federico D\u00edaz enfatiz\u00f3: <em>&#8220;Queremos convocar a todos los j\u00f3venes de San Salvador que tengan ganas de involucrarse, participar y defender las ideas de la libertad. Estamos construyendo una juventud presente en cada rinc\u00f3n de Entre R\u00edos y queremos que San Salvador tambi\u00e9n tenga su espacio joven&#8221;<\/em>.<\/p>\n\n\n\n<p class=\"has-medium-font-size wp-block-paragraph\">Desde la organizaci\u00f3n indicaron que la convocatoria est\u00e1 abierta a j\u00f3venes <strong>con o sin experiencia pol\u00edtica previa<\/strong>, apuntando a convocar a aquellos vecinos que deseen aportar ideas y convertirse en protagonistas de una nueva etapa basada en los principios de libertad, el esfuerzo, el m\u00e9rito y la responsabilidad. Los interesados en formar parte ya pueden sumarse a este nuevo espacio de participaci\u00f3n local.<\/p>\n\n\n\n<p class=\"has-medium-font-size wp-block-paragraph\">Los interesados pueden contactarse al numero: 343 633 8845. <\/p>\n","protected":false},"excerpt":{"rendered":"<p>Con el respaldo del diputado nacional Beltr\u00e1n Benedit, el sector pol\u00edtico inici\u00f3 el proceso formal&#8230;<\/p>\n","protected":false},"author":3,"featured_media":11752,"comment_status":"closed","ping_status":"open","sticky":false,"template":"","format":"standard","meta":{"footnotes":""},"categories":[1],"tags":[],"class_list":["post-11751","post","type-post","status-publish","format-standard","has-post-thumbnail","hentry","category-politica"],"featured_image_urls":{"full":["https:\/\/centronoticias.com.ar\/portal\/wp-content\/uploads\/2026\/09\/LLA-en-Nogoya.jpeg",1241,1019,false],"thumbnail":["https:\/\/centronoticias.com.ar\/portal\/wp-content\/uploads\/2026\/09\/LLA-en-Nogoya-150x150.jpeg",150,150,true],"medium":["https:\/\/centronoticias.com.ar\/portal\/wp-content\/uploads\/2026\/09\/LLA-en-Nogoya-300x246.jpeg",300,246,true],"medium_large":["https:\/\/centronoticias.com.ar\/portal\/wp-content\/uploads\/2026\/09\/LLA-en-Nogoya-768x631.jpeg",640,526,true],"large":["https:\/\/centronoticias.com.ar\/portal\/wp-content\/uploads\/2026\/09\/LLA-en-Nogoya-1024x841.jpeg",640,526,true],"1536x1536":["https:\/\/centronoticias.com.ar\/portal\/wp-content\/uploads\/2026\/09\/LLA-en-Nogoya.jpeg",1241,1019,false],"2048x2048":["https:\/\/centronoticias.com.ar\/portal\/wp-content\/uploads\/2026\/09\/LLA-en-Nogoya.jpeg",1241,1019,false],"covernews-slider-full":["https:\/\/centronoticias.com.ar\/portal\/wp-content\/uploads\/2026\/09\/LLA-en-Nogoya-1115x715.jpeg",1115,715,true],"covernews-slider-center":["https:\/\/centronoticias.com.ar\/portal\/wp-content\/uploads\/2026\/09\/LLA-en-Nogoya-800x500.jpeg",800,500,true],"covernews-featured":["https:\/\/centronoticias.com.ar\/portal\/wp-content\/uploads\/2026\/09\/LLA-en-Nogoya-1024x841.jpeg",1024,841,true],"covernews-medium":["https:\/\/centronoticias.com.ar\/portal\/wp-content\/uploads\/2026\/09\/LLA-en-Nogoya-540x340.jpeg",540,340,true],"covernews-medium-square":["https:\/\/centronoticias.com.ar\/portal\/wp-content\/uploads\/2026\/09\/LLA-en-Nogoya-400x250.jpeg",400,250,true]},"author_info":{"info":["Roberto Jourd\u00e1n"]},"category_info":"<a href=\"https:\/\/centronoticias.com.ar\/portal\/category\/politica\/\" rel=\"category tag\">Pol\u00edtica<\/a>","tag_info":"Pol\u00edtica","comment_count":"0","_links":{"self":[{"href":"https:\/\/centronoticias.com.ar\/portal\/wp-json\/wp\/v2\/posts\/11751","targetHints":{"allow":["GET"]}}],"collection":[{"href":"https:\/\/centronoticias.com.ar\/portal\/wp-json\/wp\/v2\/posts"}],"about":[{"href":"https:\/\/centronoticias.com.ar\/portal\/wp-json\/wp\/v2\/types\/post"}],"author":[{"embeddable":true,"href":"https:\/\/centronoticias.com.ar\/portal\/wp-json\/wp\/v2\/users\/3"}],"replies":[{"embeddable":true,"href":"https:\/\/centronoticias.com.ar\/portal\/wp-json\/wp\/v2\/comments?post=11751"}],"version-history":[{"count":3,"href":"https:\/\/centronoticias.com.ar\/portal\/wp-json\/wp\/v2\/posts\/11751\/revisions"}],"predecessor-version":[{"id":11755,"href":"https:\/\/centronoticias.com.ar\/portal\/wp-json\/wp\/v2\/posts\/11751\/revisions\/11755"}],"wp:featuredmedia":[{"embeddable":true,"href":"https:\/\/centronoticias.com.ar\/portal\/wp-json\/wp\/v2\/media\/11752"}],"wp:attachment":[{"href":"https:\/\/centronoticias.com.ar\/portal\/wp-json\/wp\/v2\/media?parent=11751"}],"wp:term":[{"taxonomy":"category","embeddable":true,"href":"https:\/\/centronoticias.com.ar\/portal\/wp-json\/wp\/v2\/categories?post=11751"},{"taxonomy":"post_tag","embeddable":true,"href":"https:\/\/centronoticias.com.ar\/portal\/wp-json\/wp\/v2\/tags?post=11751"}],"curies":[{"name":"wp","href":"https:\/\/api.w.org\/{rel}","templated":true}]}}