{"id":11746,"date":"2026-09-01T20:57:00","date_gmt":"2026-09-01T23:57:00","guid":{"rendered":"https:\/\/centronoticias.com.ar\/portal\/?p=11746"},"modified":"2026-09-02T08:03:26","modified_gmt":"2026-09-02T11:03:26","slug":"el-gobierno-provincial-destaco-el-record-de-oferentes-y-el-aumento-de-empresas-inscriptas-para-la-obra-publica","status":"publish","type":"post","link":"https:\/\/centronoticias.com.ar\/portal\/el-gobierno-provincial-destaco-el-record-de-oferentes-y-el-aumento-de-empresas-inscriptas-para-la-obra-publica\/","title":{"rendered":"El gobierno provincial destac\u00f3 el r\u00e9cord de oferentes y el aumento de empresas inscriptas para la obra p\u00fablica"},"content":{"rendered":"\n<p class=\"has-medium-font-size wp-block-paragraph\">En reuni\u00f3n de gabinete, encabezada por el gobernador Rogelio Frigerio, el Ministerio de Planeamiento e Infraestructura present\u00f3 un informe sobre la transparencia y concurrencia en la obra p\u00fablica provincial. La n\u00f3mina de contratistas creci\u00f3 un 108 por ciento desde 2024 y se registraron r\u00e9cords de oferentes en las m\u00e1s de 70 licitaciones ejecutadas en la gesti\u00f3n.<\/p>\n\n\n\n<p class=\"has-medium-font-size wp-block-paragraph\">El informe fue presentado este martes ante el gabinete provincial y da cuenta de la evoluci\u00f3n del registro de contratistas y los procesos de licitaci\u00f3n p\u00fablica ejecutados por la provincia. A pesar del contexto nacional de desaceleraci\u00f3n del sector, la provincia experiment\u00f3 un crecimiento del 108 por ciento en la cantidad de empresas inscriptas en el registro oficial entre 2024 y 2026, pasando de 95 a casi 200 firmas habilitadas para cotizar trabajos de infraestructura.<\/p>\n\n\n\n<p class=\"has-medium-font-size wp-block-paragraph\">Asimismo, el relevamiento reflej\u00f3 que durante la presente gesti\u00f3n se llevaron a cabo m\u00e1s de 70 licitaciones p\u00fablicas impulsadas de manera articulada entre la cartera provincial, la Direcci\u00f3n Provincial de Vialidad, el Instituto Aut\u00e1rquico de Planeamiento y Vivienda (Iapv), la Comisi\u00f3n Administradora del Fondo Especial de Salto Grande (Cafesg) y la Unidad Ejecutora Provincial (UEP). &nbsp;<\/p>\n\n\n\n<p class=\"has-medium-font-size wp-block-paragraph\">En referencia a estos datos, el ministro de Planeamiento e Infraestructura, Hern\u00e1n Jacob, ponder\u00f3 la apertura de los procesos administrativos y la previsibilidad generada para las empresas contratistas. &#8220;Son informaciones que no muy a menudo uno las difunde y que por ah\u00ed vale la pena hacerlo, porque hemos experimentado un crecimiento importante&#8221;.<\/p>\n\n\n\n<p class=\"has-medium-font-size wp-block-paragraph\">Tambi\u00e9n referenci\u00f3 que durante este per\u00edodo de casi tres a\u00f1os de gesti\u00f3n &#8220;hemos tenido r\u00e9cord de cantidad de oferentes. Tuvimos una licitaci\u00f3n que bati\u00f3 todos los r\u00e9cords de presentaci\u00f3n de oferta, que son 12 empresas que pujaron en una licitaci\u00f3n del ministerio y nueve empresas que se presentaron en la de grupo de bacheo llevada adelante por Vialidad. Son datos que, producto de una pol\u00edtica de transparencia, de apertura y de mayor competencia impulsada por el gobernador en todos los \u00e1mbitos, han generado este buen clima de inter\u00e9s de los contratistas de obra p\u00fablica&#8221;, explic\u00f3 el funcionario. &nbsp;<\/p>\n\n\n\n<p class=\"has-medium-font-size wp-block-paragraph\">El ministro mencion\u00f3 que durante la reuni\u00f3n de trabajo encabezada por el gobernador, el equipo de gobierno tambi\u00e9n abord\u00f3 el temario legislativo en tratamiento en ambas c\u00e1maras, la necesidad de ampliar la infraestructura penitenciaria y las previsiones operativas ante la pr\u00f3xima entrada en vigencia del r\u00e9gimen penal juvenil. A su vez, se comenz\u00f3 a delinear la planificaci\u00f3n de las partidas para el proyecto de presupuesto en el ejercicio 2027.<\/p>\n","protected":false},"excerpt":{"rendered":"<p>En reuni\u00f3n de gabinete, encabezada por el gobernador Rogelio Frigerio, el Ministerio de Planeamiento e&#8230;<\/p>\n","protected":false},"author":3,"featured_media":11747,"comment_status":"closed","ping_status":"open","sticky":false,"template":"","format":"standard","meta":{"footnotes":""},"categories":[21],"tags":[],"class_list":["post-11746","post","type-post","status-publish","format-standard","has-post-thumbnail","hentry","category-provinciales"],"featured_image_urls":{"full":["https:\/\/centronoticias.com.ar\/portal\/wp-content\/uploads\/2026\/09\/reunion-de-gabinete-01_09.jpg",1024,684,false],"thumbnail":["https:\/\/centronoticias.com.ar\/portal\/wp-content\/uploads\/2026\/09\/reunion-de-gabinete-01_09-150x150.jpg",150,150,true],"medium":["https:\/\/centronoticias.com.ar\/portal\/wp-content\/uploads\/2026\/09\/reunion-de-gabinete-01_09-300x200.jpg",300,200,true],"medium_large":["https:\/\/centronoticias.com.ar\/portal\/wp-content\/uploads\/2026\/09\/reunion-de-gabinete-01_09-768x513.jpg",640,428,true],"large":["https:\/\/centronoticias.com.ar\/portal\/wp-content\/uploads\/2026\/09\/reunion-de-gabinete-01_09.jpg",640,428,false],"1536x1536":["https:\/\/centronoticias.com.ar\/portal\/wp-content\/uploads\/2026\/09\/reunion-de-gabinete-01_09.jpg",1024,684,false],"2048x2048":["https:\/\/centronoticias.com.ar\/portal\/wp-content\/uploads\/2026\/09\/reunion-de-gabinete-01_09.jpg",1024,684,false],"covernews-slider-full":["https:\/\/centronoticias.com.ar\/portal\/wp-content\/uploads\/2026\/09\/reunion-de-gabinete-01_09.jpg",1024,684,false],"covernews-slider-center":["https:\/\/centronoticias.com.ar\/portal\/wp-content\/uploads\/2026\/09\/reunion-de-gabinete-01_09-800x500.jpg",800,500,true],"covernews-featured":["https:\/\/centronoticias.com.ar\/portal\/wp-content\/uploads\/2026\/09\/reunion-de-gabinete-01_09.jpg",1024,684,false],"covernews-medium":["https:\/\/centronoticias.com.ar\/portal\/wp-content\/uploads\/2026\/09\/reunion-de-gabinete-01_09-540x340.jpg",540,340,true],"covernews-medium-square":["https:\/\/centronoticias.com.ar\/portal\/wp-content\/uploads\/2026\/09\/reunion-de-gabinete-01_09-400x250.jpg",400,250,true]},"author_info":{"info":["Roberto Jourd\u00e1n"]},"category_info":"<a href=\"https:\/\/centronoticias.com.ar\/portal\/category\/provinciales\/\" rel=\"category tag\">Provinciales<\/a>","tag_info":"Provinciales","comment_count":"0","_links":{"self":[{"href":"https:\/\/centronoticias.com.ar\/portal\/wp-json\/wp\/v2\/posts\/11746","targetHints":{"allow":["GET"]}}],"collection":[{"href":"https:\/\/centronoticias.com.ar\/portal\/wp-json\/wp\/v2\/posts"}],"about":[{"href":"https:\/\/centronoticias.com.ar\/portal\/wp-json\/wp\/v2\/types\/post"}],"author":[{"embeddable":true,"href":"https:\/\/centronoticias.com.ar\/portal\/wp-json\/wp\/v2\/users\/3"}],"replies":[{"embeddable":true,"href":"https:\/\/centronoticias.com.ar\/portal\/wp-json\/wp\/v2\/comments?post=11746"}],"version-history":[{"count":1,"href":"https:\/\/centronoticias.com.ar\/portal\/wp-json\/wp\/v2\/posts\/11746\/revisions"}],"predecessor-version":[{"id":11748,"href":"https:\/\/centronoticias.com.ar\/portal\/wp-json\/wp\/v2\/posts\/11746\/revisions\/11748"}],"wp:featuredmedia":[{"embeddable":true,"href":"https:\/\/centronoticias.com.ar\/portal\/wp-json\/wp\/v2\/media\/11747"}],"wp:attachment":[{"href":"https:\/\/centronoticias.com.ar\/portal\/wp-json\/wp\/v2\/media?parent=11746"}],"wp:term":[{"taxonomy":"category","embeddable":true,"href":"https:\/\/centronoticias.com.ar\/portal\/wp-json\/wp\/v2\/categories?post=11746"},{"taxonomy":"post_tag","embeddable":true,"href":"https:\/\/centronoticias.com.ar\/portal\/wp-json\/wp\/v2\/tags?post=11746"}],"curies":[{"name":"wp","href":"https:\/\/api.w.org\/{rel}","templated":true}]}}