{"id":11745,"date":"2026-09-01T17:53:00","date_gmt":"2026-09-01T20:53:00","guid":{"rendered":"https:\/\/centronoticias.com.ar\/portal\/?p=11745"},"modified":"2026-09-02T08:08:53","modified_gmt":"2026-09-02T11:08:53","slug":"vuelven-los-patios-gastronomicos-este-fin-de-semana-se-instalan-en-el-paseo-la-fraternidad","status":"publish","type":"post","link":"https:\/\/centronoticias.com.ar\/portal\/vuelven-los-patios-gastronomicos-este-fin-de-semana-se-instalan-en-el-paseo-la-fraternidad\/","title":{"rendered":"Vuelven los Patios Gastron\u00f3micos: este fin de semana se instalan en el Paseo La Fraternidad"},"content":{"rendered":"\n<p class=\"has-medium-font-size wp-block-paragraph\"><strong>La propuesta recreativa y culinaria regresa con tres jornadas consecutivas para disfrutar en familia y con amigos. Del viernes 4 al domingo 6 de septiembre, el cl\u00e1sico punto de encuentro ofrecer\u00e1 diversas opciones gastron\u00f3micas y un gran clima para compartir.<\/strong><\/p>\n\n\n\n<p class=\"has-medium-font-size wp-block-paragraph\">El movimiento y el buen sabor vuelven a apoderarse de uno de los espacios p\u00fablicos m\u00e1s elegidos de la ciudad. A trav\u00e9s de un anuncio oficial, se confirm\u00f3 la esperada vuelta de los <strong>Patios Gastron\u00f3micos<\/strong>, una alternativa ideal para cortar la rutina y disfrutar del fin de semana largo o de un respiro al aire libre.<\/p>\n\n\n\n<p class=\"has-medium-font-size wp-block-paragraph\">La cita ser\u00e1 <strong>desde este viernes 4 hasta el domingo 6 de septiembre<\/strong>, emplaz\u00e1ndose nuevamente el predio en el tradicional <strong>Paseo La Fraternidad<\/strong> (&#8220;en las v\u00edas&#8221;), un punto estrat\u00e9gico que ya se convirti\u00f3 en el escenario indiscutido para este tipo de encuentros comunitarios.<\/p>\n\n\n\n<h2 class=\"wp-block-heading\"><strong>Tres noches para disfrutar<\/strong><\/h2>\n\n\n\n<p class=\"has-medium-font-size wp-block-paragraph\">Durante las tres jornadas, vecinos y visitantes podr\u00e1n recorrer los diferentes puestos y propuestas culinarias dise\u00f1adas para todos los gustos, pensadas para compartir al aire libre y disfrutar de un momento distendido.<\/p>\n\n\n\n<p class=\"has-medium-font-size wp-block-paragraph\">Desde la organizaci\u00f3n invitan a armar el plan, convocar a los amigos y sumarse a estas tres grandes noches que prometen buen clima, gastronom\u00eda variada y el tradicional punto de reuni\u00f3n en el coraz\u00f3n de la ciudad.<\/p>\n","protected":false},"excerpt":{"rendered":"<p>La propuesta recreativa y culinaria regresa con tres jornadas consecutivas para disfrutar en familia y&#8230;<\/p>\n","protected":false},"author":3,"featured_media":11749,"comment_status":"closed","ping_status":"open","sticky":false,"template":"","format":"standard","meta":{"footnotes":""},"categories":[15],"tags":[],"class_list":["post-11745","post","type-post","status-publish","format-standard","has-post-thumbnail","hentry","category-cultura-esp"],"featured_image_urls":{"full":["https:\/\/centronoticias.com.ar\/portal\/wp-content\/uploads\/2026\/09\/Patio-gastronomico-sept.jpeg",1080,1350,false],"thumbnail":["https:\/\/centronoticias.com.ar\/portal\/wp-content\/uploads\/2026\/09\/Patio-gastronomico-sept-150x150.jpeg",150,150,true],"medium":["https:\/\/centronoticias.com.ar\/portal\/wp-content\/uploads\/2026\/09\/Patio-gastronomico-sept-240x300.jpeg",240,300,true],"medium_large":["https:\/\/centronoticias.com.ar\/portal\/wp-content\/uploads\/2026\/09\/Patio-gastronomico-sept-768x960.jpeg",640,800,true],"large":["https:\/\/centronoticias.com.ar\/portal\/wp-content\/uploads\/2026\/09\/Patio-gastronomico-sept-819x1024.jpeg",640,800,true],"1536x1536":["https:\/\/centronoticias.com.ar\/portal\/wp-content\/uploads\/2026\/09\/Patio-gastronomico-sept.jpeg",1080,1350,false],"2048x2048":["https:\/\/centronoticias.com.ar\/portal\/wp-content\/uploads\/2026\/09\/Patio-gastronomico-sept.jpeg",1080,1350,false],"covernews-slider-full":["https:\/\/centronoticias.com.ar\/portal\/wp-content\/uploads\/2026\/09\/Patio-gastronomico-sept-1080x715.jpeg",1080,715,true],"covernews-slider-center":["https:\/\/centronoticias.com.ar\/portal\/wp-content\/uploads\/2026\/09\/Patio-gastronomico-sept-800x500.jpeg",800,500,true],"covernews-featured":["https:\/\/centronoticias.com.ar\/portal\/wp-content\/uploads\/2026\/09\/Patio-gastronomico-sept-1024x1280.jpeg",1024,1280,true],"covernews-medium":["https:\/\/centronoticias.com.ar\/portal\/wp-content\/uploads\/2026\/09\/Patio-gastronomico-sept-540x340.jpeg",540,340,true],"covernews-medium-square":["https:\/\/centronoticias.com.ar\/portal\/wp-content\/uploads\/2026\/09\/Patio-gastronomico-sept-400x250.jpeg",400,250,true]},"author_info":{"info":["Roberto Jourd\u00e1n"]},"category_info":"<a href=\"https:\/\/centronoticias.com.ar\/portal\/category\/cultura-esp\/\" rel=\"category tag\">Cultura<\/a>","tag_info":"Cultura","comment_count":"0","_links":{"self":[{"href":"https:\/\/centronoticias.com.ar\/portal\/wp-json\/wp\/v2\/posts\/11745","targetHints":{"allow":["GET"]}}],"collection":[{"href":"https:\/\/centronoticias.com.ar\/portal\/wp-json\/wp\/v2\/posts"}],"about":[{"href":"https:\/\/centronoticias.com.ar\/portal\/wp-json\/wp\/v2\/types\/post"}],"author":[{"embeddable":true,"href":"https:\/\/centronoticias.com.ar\/portal\/wp-json\/wp\/v2\/users\/3"}],"replies":[{"embeddable":true,"href":"https:\/\/centronoticias.com.ar\/portal\/wp-json\/wp\/v2\/comments?post=11745"}],"version-history":[{"count":1,"href":"https:\/\/centronoticias.com.ar\/portal\/wp-json\/wp\/v2\/posts\/11745\/revisions"}],"predecessor-version":[{"id":11750,"href":"https:\/\/centronoticias.com.ar\/portal\/wp-json\/wp\/v2\/posts\/11745\/revisions\/11750"}],"wp:featuredmedia":[{"embeddable":true,"href":"https:\/\/centronoticias.com.ar\/portal\/wp-json\/wp\/v2\/media\/11749"}],"wp:attachment":[{"href":"https:\/\/centronoticias.com.ar\/portal\/wp-json\/wp\/v2\/media?parent=11745"}],"wp:term":[{"taxonomy":"category","embeddable":true,"href":"https:\/\/centronoticias.com.ar\/portal\/wp-json\/wp\/v2\/categories?post=11745"},{"taxonomy":"post_tag","embeddable":true,"href":"https:\/\/centronoticias.com.ar\/portal\/wp-json\/wp\/v2\/tags?post=11745"}],"curies":[{"name":"wp","href":"https:\/\/api.w.org\/{rel}","templated":true}]}}