{"id":11743,"date":"2026-09-01T17:50:00","date_gmt":"2026-09-01T20:50:00","guid":{"rendered":"https:\/\/centronoticias.com.ar\/portal\/?p=11743"},"modified":"2026-09-02T08:09:51","modified_gmt":"2026-09-02T11:09:51","slug":"nueva-modalidad-de-ingreso-al-nodo-de-reciclado-que-cambia-desde-hoy-en-el-predio","status":"publish","type":"post","link":"https:\/\/centronoticias.com.ar\/portal\/nueva-modalidad-de-ingreso-al-nodo-de-reciclado-que-cambia-desde-hoy-en-el-predio\/","title":{"rendered":"Nueva modalidad de ingreso al Nodo de Reciclado: qu\u00e9 cambia desde hoy en el predio"},"content":{"rendered":"\n<p class=\"has-medium-font-size wp-block-paragraph\">La oficina del sereno ubicada en el acceso se transformar\u00e1 en dependencia administrativa para llevar un registro detallado de ingresos, egresos, veh\u00edculos y materiales. La medida busca optimizar el ordenamiento, la seguridad y la transparencia dentro del plan de recolecci\u00f3n diferenciada.<\/p>\n\n\n\n<p class=\"has-medium-font-size wp-block-paragraph\">Las autoridades municipales anunciaron la puesta en marcha de una <strong>nueva modalidad de ingreso al Nodo de Reciclado<\/strong>, la cual comienza a regir a partir de este martes con el objetivo de optimizar el funcionamiento general del predio y consolidar los avances del proyecto de recolecci\u00f3n diferenciada.<\/p>\n\n\n\n<h2 class=\"wp-block-heading\"><strong>C\u00f3mo funcionar\u00e1 el nuevo sistema de control<\/strong><\/h2>\n\n\n\n<p class=\"has-medium-font-size wp-block-paragraph\">De acuerdo con lo informado, la actual garita o <strong>oficina del sereno<\/strong>, emplazada estrat\u00e9gicamente en la entrada al predio, pasar\u00e1 a cumplir funciones como <strong>oficina administrativa<\/strong>.<\/p>\n\n\n\n<p class=\"has-medium-font-size wp-block-paragraph\">En este espacio se centralizar\u00e1n las siguientes tareas de control:<\/p>\n\n\n\n<ul class=\"wp-block-list\">\n<li class=\"has-medium-font-size\"><strong>Registro obligatorio:<\/strong> Se asentar\u00e1n los horarios precisos de ingresos y egresos de personas.<\/li>\n\n\n\n<li class=\"has-medium-font-size\"><strong>Identificaci\u00f3n:<\/strong> Se llevar\u00e1 un control detallado de los veh\u00edculos intervinientes.<\/li>\n\n\n\n<li class=\"has-medium-font-size\"><strong>Trazabilidad de materiales:<\/strong> Se registrar\u00e1n los tipos de residuos o materiales transportados.<\/li>\n\n\n\n<li class=\"has-medium-font-size\"><strong>Control a empresas:<\/strong> Para el caso del sector comercial e industrial, se fiscalizar\u00e1 de manera rigurosa la documentaci\u00f3n correspondiente y el estado de la carga transportada.<\/li>\n<\/ul>\n\n\n\n<p class=\"has-medium-font-size wp-block-paragraph\">Desde el \u00e1rea comunal remarcaron que esta implementaci\u00f3n permitir\u00e1 contar con una <strong>base de datos clara y ordenada<\/strong>, enmarcada en un proceso sostenido de mejoras institucionales para lograr un espacio de trabajo m\u00e1s organizado, seguro y transparente.<\/p>\n\n\n\n<p class=\"has-medium-font-size wp-block-paragraph\">Por \u00faltimo, se solicit\u00f3 a todos los vecinos, transportistas y representantes de empresas que concurran habitualmente al predio tener muy en cuenta estas nuevas exigencias organizativas desde el primer d\u00eda de su vigencia.<\/p>\n","protected":false},"excerpt":{"rendered":"<p>La oficina del sereno ubicada en el acceso se transformar\u00e1 en dependencia administrativa para llevar&#8230;<\/p>\n","protected":false},"author":3,"featured_media":5602,"comment_status":"closed","ping_status":"open","sticky":false,"template":"","format":"standard","meta":{"footnotes":""},"categories":[31],"tags":[],"class_list":["post-11743","post","type-post","status-publish","format-standard","has-post-thumbnail","hentry","category-locales"],"featured_image_urls":{"full":["https:\/\/centronoticias.com.ar\/portal\/wp-content\/uploads\/2025\/09\/Programa-Gestion-Residuos.jpg",1024,684,false],"thumbnail":["https:\/\/centronoticias.com.ar\/portal\/wp-content\/uploads\/2025\/09\/Programa-Gestion-Residuos-150x150.jpg",150,150,true],"medium":["https:\/\/centronoticias.com.ar\/portal\/wp-content\/uploads\/2025\/09\/Programa-Gestion-Residuos-300x200.jpg",300,200,true],"medium_large":["https:\/\/centronoticias.com.ar\/portal\/wp-content\/uploads\/2025\/09\/Programa-Gestion-Residuos-768x513.jpg",640,428,true],"large":["https:\/\/centronoticias.com.ar\/portal\/wp-content\/uploads\/2025\/09\/Programa-Gestion-Residuos.jpg",640,428,false],"1536x1536":["https:\/\/centronoticias.com.ar\/portal\/wp-content\/uploads\/2025\/09\/Programa-Gestion-Residuos.jpg",1024,684,false],"2048x2048":["https:\/\/centronoticias.com.ar\/portal\/wp-content\/uploads\/2025\/09\/Programa-Gestion-Residuos.jpg",1024,684,false],"covernews-slider-full":["https:\/\/centronoticias.com.ar\/portal\/wp-content\/uploads\/2025\/09\/Programa-Gestion-Residuos.jpg",1024,684,false],"covernews-slider-center":["https:\/\/centronoticias.com.ar\/portal\/wp-content\/uploads\/2025\/09\/Programa-Gestion-Residuos-800x500.jpg",800,500,true],"covernews-featured":["https:\/\/centronoticias.com.ar\/portal\/wp-content\/uploads\/2025\/09\/Programa-Gestion-Residuos.jpg",1024,684,false],"covernews-medium":["https:\/\/centronoticias.com.ar\/portal\/wp-content\/uploads\/2025\/09\/Programa-Gestion-Residuos-540x340.jpg",540,340,true],"covernews-medium-square":["https:\/\/centronoticias.com.ar\/portal\/wp-content\/uploads\/2025\/09\/Programa-Gestion-Residuos-400x250.jpg",400,250,true]},"author_info":{"info":["Roberto Jourd\u00e1n"]},"category_info":"<a href=\"https:\/\/centronoticias.com.ar\/portal\/category\/locales\/\" rel=\"category tag\">San Salvador<\/a>","tag_info":"San Salvador","comment_count":"0","_links":{"self":[{"href":"https:\/\/centronoticias.com.ar\/portal\/wp-json\/wp\/v2\/posts\/11743","targetHints":{"allow":["GET"]}}],"collection":[{"href":"https:\/\/centronoticias.com.ar\/portal\/wp-json\/wp\/v2\/posts"}],"about":[{"href":"https:\/\/centronoticias.com.ar\/portal\/wp-json\/wp\/v2\/types\/post"}],"author":[{"embeddable":true,"href":"https:\/\/centronoticias.com.ar\/portal\/wp-json\/wp\/v2\/users\/3"}],"replies":[{"embeddable":true,"href":"https:\/\/centronoticias.com.ar\/portal\/wp-json\/wp\/v2\/comments?post=11743"}],"version-history":[{"count":1,"href":"https:\/\/centronoticias.com.ar\/portal\/wp-json\/wp\/v2\/posts\/11743\/revisions"}],"predecessor-version":[{"id":11744,"href":"https:\/\/centronoticias.com.ar\/portal\/wp-json\/wp\/v2\/posts\/11743\/revisions\/11744"}],"wp:featuredmedia":[{"embeddable":true,"href":"https:\/\/centronoticias.com.ar\/portal\/wp-json\/wp\/v2\/media\/5602"}],"wp:attachment":[{"href":"https:\/\/centronoticias.com.ar\/portal\/wp-json\/wp\/v2\/media?parent=11743"}],"wp:term":[{"taxonomy":"category","embeddable":true,"href":"https:\/\/centronoticias.com.ar\/portal\/wp-json\/wp\/v2\/categories?post=11743"},{"taxonomy":"post_tag","embeddable":true,"href":"https:\/\/centronoticias.com.ar\/portal\/wp-json\/wp\/v2\/tags?post=11743"}],"curies":[{"name":"wp","href":"https:\/\/api.w.org\/{rel}","templated":true}]}}