{"id":11740,"date":"2026-09-01T12:45:47","date_gmt":"2026-09-01T15:45:47","guid":{"rendered":"https:\/\/centronoticias.com.ar\/portal\/?p=11740"},"modified":"2026-09-01T15:18:50","modified_gmt":"2026-09-01T18:18:50","slug":"oser-amplio-la-edad-de-cobertura-para-hijos-estudiantes-y-garantiza-alternativas-para-continuar-afiliados","status":"publish","type":"post","link":"https:\/\/centronoticias.com.ar\/portal\/oser-amplio-la-edad-de-cobertura-para-hijos-estudiantes-y-garantiza-alternativas-para-continuar-afiliados\/","title":{"rendered":"OSER ampli\u00f3 la edad de cobertura para hijos estudiantes y garantiza alternativas para continuar afiliados"},"content":{"rendered":"\n<p class=\"has-medium-font-size wp-block-paragraph\">La Obra Social de Entre R\u00edos (OSER) aprob\u00f3 el pasado 5 de agosto un nuevo R\u00e9gimen de Afiliaciones, en el marco de lo dispuesto por la Ley N\u00ba 11.202, de creaci\u00f3n de la Obra Social, y su modificatoria, Ley N\u00ba 11.236.<\/p>\n\n\n\n<p class=\"has-medium-font-size wp-block-paragraph\">Entre las principales innovaciones incorporadas por la nueva normativa se encuentra la ampliaci\u00f3n del l\u00edmite de edad para los hijos de afiliados titulares que cursen estudios universitarios o terciarios oficiales.<\/p>\n\n\n\n<p class=\"has-medium-font-size wp-block-paragraph\">Hasta ahora, la cobertura en esta condici\u00f3n se extend\u00eda hasta los 26 a\u00f1os. A partir de la aprobaci\u00f3n del nuevo r\u00e9gimen, los hijos estudiantes podr\u00e1n permanecer afiliados hasta cumplir los 27 a\u00f1os de edad, siempre que acrediten el cumplimiento de los requisitos establecidos para esta categor\u00eda.<\/p>\n\n\n\n<p class=\"has-medium-font-size wp-block-paragraph\">La modificaci\u00f3n responde a los cambios sociol\u00f3gicos y culturales que se han producido en las \u00faltimas d\u00e9cadas y que han determinado una extensi\u00f3n de las diferentes etapas vitales de las personas. En la actualidad, numerosos j\u00f3venes inician, desarrollan y finalizan sus estudios en edades posteriores a las contempladas tradicionalmente por los sistemas de cobertura, por lo que resulta necesario adecuar las normas a estas nuevas realidades.<\/p>\n\n\n\n<p class=\"has-medium-font-size wp-block-paragraph\">Asimismo, una de las principales novedades del nuevo r\u00e9gimen consiste en que, una vez cumplidos los 27 a\u00f1os, las personas que deseen continuar contando con la cobertura de OSER podr\u00e1n hacerlo a trav\u00e9s del sistema de Afiliaci\u00f3n Voluntaria, mediante el pago de la c\u00e1pita correspondiente.<\/p>\n\n\n\n<p class=\"has-medium-font-size wp-block-paragraph\">De esta manera, OSER no s\u00f3lo ampl\u00eda la edad de permanencia de los hijos estudiantes dentro de la afiliaci\u00f3n derivada de sus padres titulares, sino que tambi\u00e9n establece una alternativa para evitar la p\u00e9rdida autom\u00e1tica de cobertura al alcanzar el l\u00edmite de edad previsto.<\/p>\n\n\n\n<p class=\"has-medium-font-size wp-block-paragraph\">La incorporaci\u00f3n de la Afiliaci\u00f3n Voluntaria permite que quienes concluyen esta etapa puedan optar por mantener su v\u00ednculo con la Obra Social y continuar accediendo a sus prestaciones, garantizando una transici\u00f3n ordenada y una mayor continuidad en la cobertura de salud.<\/p>\n\n\n\n<p class=\"has-medium-font-size wp-block-paragraph\">Con este nuevo R\u00e9gimen de Afiliaciones, OSER avanza en la adecuaci\u00f3n de su normativa a las necesidades actuales de sus afiliados, incorporando herramientas que brindan mayor previsibilidad, continuidad de cobertura y alternativas de permanencia dentro del sistema.<\/p>\n","protected":false},"excerpt":{"rendered":"<p>La Obra Social de Entre R\u00edos (OSER) aprob\u00f3 el pasado 5 de agosto un nuevo&#8230;<\/p>\n","protected":false},"author":3,"featured_media":11741,"comment_status":"closed","ping_status":"open","sticky":false,"template":"","format":"standard","meta":{"footnotes":""},"categories":[21],"tags":[],"class_list":["post-11740","post","type-post","status-publish","format-standard","has-post-thumbnail","hentry","category-provinciales"],"featured_image_urls":{"full":["https:\/\/centronoticias.com.ar\/portal\/wp-content\/uploads\/2026\/09\/Oser.jpg",1024,778,false],"thumbnail":["https:\/\/centronoticias.com.ar\/portal\/wp-content\/uploads\/2026\/09\/Oser-150x150.jpg",150,150,true],"medium":["https:\/\/centronoticias.com.ar\/portal\/wp-content\/uploads\/2026\/09\/Oser-300x228.jpg",300,228,true],"medium_large":["https:\/\/centronoticias.com.ar\/portal\/wp-content\/uploads\/2026\/09\/Oser-768x584.jpg",640,487,true],"large":["https:\/\/centronoticias.com.ar\/portal\/wp-content\/uploads\/2026\/09\/Oser.jpg",640,486,false],"1536x1536":["https:\/\/centronoticias.com.ar\/portal\/wp-content\/uploads\/2026\/09\/Oser.jpg",1024,778,false],"2048x2048":["https:\/\/centronoticias.com.ar\/portal\/wp-content\/uploads\/2026\/09\/Oser.jpg",1024,778,false],"covernews-slider-full":["https:\/\/centronoticias.com.ar\/portal\/wp-content\/uploads\/2026\/09\/Oser-1024x715.jpg",1024,715,true],"covernews-slider-center":["https:\/\/centronoticias.com.ar\/portal\/wp-content\/uploads\/2026\/09\/Oser-800x500.jpg",800,500,true],"covernews-featured":["https:\/\/centronoticias.com.ar\/portal\/wp-content\/uploads\/2026\/09\/Oser.jpg",1024,778,false],"covernews-medium":["https:\/\/centronoticias.com.ar\/portal\/wp-content\/uploads\/2026\/09\/Oser-540x340.jpg",540,340,true],"covernews-medium-square":["https:\/\/centronoticias.com.ar\/portal\/wp-content\/uploads\/2026\/09\/Oser-400x250.jpg",400,250,true]},"author_info":{"info":["Roberto Jourd\u00e1n"]},"category_info":"<a href=\"https:\/\/centronoticias.com.ar\/portal\/category\/provinciales\/\" rel=\"category tag\">Provinciales<\/a>","tag_info":"Provinciales","comment_count":"0","_links":{"self":[{"href":"https:\/\/centronoticias.com.ar\/portal\/wp-json\/wp\/v2\/posts\/11740","targetHints":{"allow":["GET"]}}],"collection":[{"href":"https:\/\/centronoticias.com.ar\/portal\/wp-json\/wp\/v2\/posts"}],"about":[{"href":"https:\/\/centronoticias.com.ar\/portal\/wp-json\/wp\/v2\/types\/post"}],"author":[{"embeddable":true,"href":"https:\/\/centronoticias.com.ar\/portal\/wp-json\/wp\/v2\/users\/3"}],"replies":[{"embeddable":true,"href":"https:\/\/centronoticias.com.ar\/portal\/wp-json\/wp\/v2\/comments?post=11740"}],"version-history":[{"count":1,"href":"https:\/\/centronoticias.com.ar\/portal\/wp-json\/wp\/v2\/posts\/11740\/revisions"}],"predecessor-version":[{"id":11742,"href":"https:\/\/centronoticias.com.ar\/portal\/wp-json\/wp\/v2\/posts\/11740\/revisions\/11742"}],"wp:featuredmedia":[{"embeddable":true,"href":"https:\/\/centronoticias.com.ar\/portal\/wp-json\/wp\/v2\/media\/11741"}],"wp:attachment":[{"href":"https:\/\/centronoticias.com.ar\/portal\/wp-json\/wp\/v2\/media?parent=11740"}],"wp:term":[{"taxonomy":"category","embeddable":true,"href":"https:\/\/centronoticias.com.ar\/portal\/wp-json\/wp\/v2\/categories?post=11740"},{"taxonomy":"post_tag","embeddable":true,"href":"https:\/\/centronoticias.com.ar\/portal\/wp-json\/wp\/v2\/tags?post=11740"}],"curies":[{"name":"wp","href":"https:\/\/api.w.org\/{rel}","templated":true}]}}