{"id":11735,"date":"2026-08-31T20:21:24","date_gmt":"2026-08-31T23:21:24","guid":{"rendered":"https:\/\/centronoticias.com.ar\/portal\/?p=11735"},"modified":"2026-08-31T20:24:09","modified_gmt":"2026-08-31T23:24:09","slug":"san-salvador-fue-sede-de-la-etapa-regional-de-los-juegos-culturales-entrerrianos","status":"publish","type":"post","link":"https:\/\/centronoticias.com.ar\/portal\/san-salvador-fue-sede-de-la-etapa-regional-de-los-juegos-culturales-entrerrianos\/","title":{"rendered":"San Salvador fue sede de la Etapa Regional de los Juegos Culturales Entrerrianos"},"content":{"rendered":"\n<p class=\"has-medium-font-size wp-block-paragraph\">El pasado viernes, San Salvador fue sede de la Etapa Regional de los Juegos Culturales Entrerrianos, recibiendo a delegaciones de los departamentos Federaci\u00f3n y Concordia en una jornada que celebr\u00f3 el talento, la creatividad y la expresi\u00f3n art\u00edstica de nuestros j\u00f3venes.<\/p>\n\n\n\n<p class=\"has-medium-font-size wp-block-paragraph\">Tras esta instancia, los ganadores representar\u00e1n a la regi\u00f3n en la Etapa Provincial, que se desarrollar\u00e1 el pr\u00f3ximo 2 de octubre en Nogoy\u00e1.<\/p>\n\n\n\n<figure class=\"wp-block-image size-large\"><a href=\"https:\/\/centronoticias.com.ar\/portal\/wp-content\/uploads\/2026\/08\/culturales-entrerrianos-2.jpeg\"><img decoding=\"async\" width=\"1024\" height=\"683\" src=\"https:\/\/centronoticias.com.ar\/portal\/wp-content\/uploads\/2026\/08\/culturales-entrerrianos-2-1024x683.jpeg\" alt=\"\" class=\"wp-image-11738\" srcset=\"https:\/\/centronoticias.com.ar\/portal\/wp-content\/uploads\/2026\/08\/culturales-entrerrianos-2-1024x683-1.jpeg 1024w, https:\/\/centronoticias.com.ar\/portal\/wp-content\/uploads\/2026\/08\/culturales-entrerrianos-2-300x200.jpeg 300w, https:\/\/centronoticias.com.ar\/portal\/wp-content\/uploads\/2026\/08\/culturales-entrerrianos-2-767x512.jpeg 767w, https:\/\/centronoticias.com.ar\/portal\/wp-content\/uploads\/2026\/08\/culturales-entrerrianos-2.jpeg 1280w\" sizes=\"(max-width: 1024px) 100vw, 1024px\" \/><\/a><\/figure>\n\n\n\n<p class=\"has-medium-font-size wp-block-paragraph\">Cuento<\/p>\n\n\n\n<ul class=\"wp-block-list\">\n<li class=\"has-medium-font-size\">Sub 15: Emilio V. Leonardelli \u2013 Santa Ana<\/li>\n\n\n\n<li class=\"has-medium-font-size\">Sub 18: Sof\u00eda Zapellaz \u2013 San Salvador<\/li>\n<\/ul>\n\n\n\n<p class=\"has-medium-font-size wp-block-paragraph\">Poes\u00eda<\/p>\n\n\n\n<ul class=\"wp-block-list\">\n<li class=\"has-medium-font-size\">Sub 15: Araceli Lalanda \u2013 San Salvador<\/li>\n\n\n\n<li class=\"has-medium-font-size\">Sub 18: Francisco L\u00f3pez Buzzatto \u2013 San Salvador<\/li>\n<\/ul>\n\n\n\n<p class=\"has-medium-font-size wp-block-paragraph\">Danza Individual \u2013 Sub 15<\/p>\n\n\n\n<ul class=\"wp-block-list\">\n<li class=\"has-medium-font-size\">Luc\u00eda Sabas \u2013 San Jaime<\/li>\n<\/ul>\n\n\n\n<p class=\"has-medium-font-size wp-block-paragraph\">Danza Pareja \u2013 Sub 15<\/p>\n\n\n\n<ul class=\"wp-block-list\">\n<li class=\"has-medium-font-size\">Priscila y Theo \u2013 Federaci\u00f3n<\/li>\n<\/ul>\n\n\n\n<p class=\"has-medium-font-size wp-block-paragraph\"> Canto Solista<\/p>\n\n\n\n<ul class=\"wp-block-list\">\n<li class=\"has-medium-font-size\">Sub 15: Isabella Capovilla \u2013 Chajar\u00ed<\/li>\n\n\n\n<li class=\"has-medium-font-size\">Sub 18: Renzo Pintorelli \u2013 San Jaime<\/li>\n<\/ul>\n\n\n\n<p class=\"has-medium-font-size wp-block-paragraph\">Payada<\/p>\n\n\n\n<ul class=\"wp-block-list\">\n<li class=\"has-medium-font-size\">Thiago Mart\u00edn Ponzoni \u2013 Federaci\u00f3n<\/li>\n<\/ul>\n\n\n\n<p class=\"has-medium-font-size wp-block-paragraph\"> Conjunto Musical<\/p>\n\n\n\n<ul class=\"wp-block-list\">\n<li class=\"has-medium-font-size\">Chajar\u00ed<\/li>\n\n\n\n<li class=\"has-medium-font-size\">San Salvador<\/li>\n<\/ul>\n\n\n\n<p class=\"has-medium-font-size wp-block-paragraph\"> Artes Visuales<\/p>\n\n\n\n<ul class=\"wp-block-list\">\n<li class=\"has-medium-font-size\">Sub 15: Mar\u00eda Bel\u00e9n Tuama \u2013 San Jaime<\/li>\n\n\n\n<li class=\"has-medium-font-size\">Sub 18: Dulce Torres \u2013 Chajar\u00ed<\/li>\n<\/ul>\n\n\n\n<p class=\"has-medium-font-size wp-block-paragraph\">Videominuto<\/p>\n\n\n\n<ul class=\"wp-block-list\">\n<li class=\"has-medium-font-size\">Naiara Noir \u2013 San Salvador<\/li>\n<\/ul>\n\n\n\n<p class=\"has-medium-font-size wp-block-paragraph\">Fotograf\u00eda<\/p>\n\n\n\n<ul class=\"wp-block-list\">\n<li class=\"has-medium-font-size\">Sub 15: Brianna D\u00edaz \u2013 Santa Ana<\/li>\n\n\n\n<li class=\"has-medium-font-size\">Sub 18: Denisse Vargas \u2013 San Salvador<\/li>\n<\/ul>\n\n\n\n<p class=\"wp-block-paragraph\"> \u00a1\u00c9xitos en la Etapa Provincial!<\/p>\n\n\n\n<p class=\"wp-block-paragraph\"><\/p>\n","protected":false},"excerpt":{"rendered":"<p>El pasado viernes, San Salvador fue sede de la Etapa Regional de los Juegos Culturales&#8230;<\/p>\n","protected":false},"author":3,"featured_media":11736,"comment_status":"closed","ping_status":"open","sticky":false,"template":"","format":"standard","meta":{"footnotes":""},"categories":[15],"tags":[],"class_list":["post-11735","post","type-post","status-publish","format-standard","has-post-thumbnail","hentry","category-cultura-esp"],"featured_image_urls":{"full":["https:\/\/centronoticias.com.ar\/portal\/wp-content\/uploads\/2026\/08\/Culturales-Entrerrianos.jpeg",1280,855,false],"thumbnail":["https:\/\/centronoticias.com.ar\/portal\/wp-content\/uploads\/2026\/08\/Culturales-Entrerrianos-150x150.jpeg",150,150,true],"medium":["https:\/\/centronoticias.com.ar\/portal\/wp-content\/uploads\/2026\/08\/Culturales-Entrerrianos-300x200.jpeg",300,200,true],"medium_large":["https:\/\/centronoticias.com.ar\/portal\/wp-content\/uploads\/2026\/08\/Culturales-Entrerrianos-768x513.jpeg",640,428,true],"large":["https:\/\/centronoticias.com.ar\/portal\/wp-content\/uploads\/2026\/08\/Culturales-Entrerrianos-1024x684.jpeg",640,428,true],"1536x1536":["https:\/\/centronoticias.com.ar\/portal\/wp-content\/uploads\/2026\/08\/Culturales-Entrerrianos.jpeg",1280,855,false],"2048x2048":["https:\/\/centronoticias.com.ar\/portal\/wp-content\/uploads\/2026\/08\/Culturales-Entrerrianos.jpeg",1280,855,false],"covernews-slider-full":["https:\/\/centronoticias.com.ar\/portal\/wp-content\/uploads\/2026\/08\/Culturales-Entrerrianos-1115x715.jpeg",1115,715,true],"covernews-slider-center":["https:\/\/centronoticias.com.ar\/portal\/wp-content\/uploads\/2026\/08\/Culturales-Entrerrianos-800x500.jpeg",800,500,true],"covernews-featured":["https:\/\/centronoticias.com.ar\/portal\/wp-content\/uploads\/2026\/08\/Culturales-Entrerrianos-1024x684.jpeg",1024,684,true],"covernews-medium":["https:\/\/centronoticias.com.ar\/portal\/wp-content\/uploads\/2026\/08\/Culturales-Entrerrianos-540x340.jpeg",540,340,true],"covernews-medium-square":["https:\/\/centronoticias.com.ar\/portal\/wp-content\/uploads\/2026\/08\/Culturales-Entrerrianos-400x250.jpeg",400,250,true]},"author_info":{"info":["Roberto Jourd\u00e1n"]},"category_info":"<a href=\"https:\/\/centronoticias.com.ar\/portal\/category\/cultura-esp\/\" rel=\"category tag\">Cultura<\/a>","tag_info":"Cultura","comment_count":"0","_links":{"self":[{"href":"https:\/\/centronoticias.com.ar\/portal\/wp-json\/wp\/v2\/posts\/11735","targetHints":{"allow":["GET"]}}],"collection":[{"href":"https:\/\/centronoticias.com.ar\/portal\/wp-json\/wp\/v2\/posts"}],"about":[{"href":"https:\/\/centronoticias.com.ar\/portal\/wp-json\/wp\/v2\/types\/post"}],"author":[{"embeddable":true,"href":"https:\/\/centronoticias.com.ar\/portal\/wp-json\/wp\/v2\/users\/3"}],"replies":[{"embeddable":true,"href":"https:\/\/centronoticias.com.ar\/portal\/wp-json\/wp\/v2\/comments?post=11735"}],"version-history":[{"count":2,"href":"https:\/\/centronoticias.com.ar\/portal\/wp-json\/wp\/v2\/posts\/11735\/revisions"}],"predecessor-version":[{"id":11739,"href":"https:\/\/centronoticias.com.ar\/portal\/wp-json\/wp\/v2\/posts\/11735\/revisions\/11739"}],"wp:featuredmedia":[{"embeddable":true,"href":"https:\/\/centronoticias.com.ar\/portal\/wp-json\/wp\/v2\/media\/11736"}],"wp:attachment":[{"href":"https:\/\/centronoticias.com.ar\/portal\/wp-json\/wp\/v2\/media?parent=11735"}],"wp:term":[{"taxonomy":"category","embeddable":true,"href":"https:\/\/centronoticias.com.ar\/portal\/wp-json\/wp\/v2\/categories?post=11735"},{"taxonomy":"post_tag","embeddable":true,"href":"https:\/\/centronoticias.com.ar\/portal\/wp-json\/wp\/v2\/tags?post=11735"}],"curies":[{"name":"wp","href":"https:\/\/api.w.org\/{rel}","templated":true}]}}