{"id":11732,"date":"2026-08-31T12:50:02","date_gmt":"2026-08-31T15:50:02","guid":{"rendered":"https:\/\/centronoticias.com.ar\/portal\/?p=11732"},"modified":"2026-08-31T12:50:03","modified_gmt":"2026-08-31T15:50:03","slug":"choque-entre-camioneta-y-moto-una-joven-resulto-con-lesiones-leves","status":"publish","type":"post","link":"https:\/\/centronoticias.com.ar\/portal\/choque-entre-camioneta-y-moto-una-joven-resulto-con-lesiones-leves\/","title":{"rendered":"Choque entre camioneta y moto: una joven result\u00f3 con lesiones leves"},"content":{"rendered":"\n<p class=\"has-medium-font-size wp-block-paragraph\"><strong>El siniestro vial ocurri\u00f3 en la ma\u00f1ana de este lunes en la zona urbana de nuestra ciudad. Personal policial acudi\u00f3 al lugar tras un llamado de alerta y la motociclista debi\u00f3 ser trasladada en ambulancia al nosocomio local, donde el m\u00e9dico policial constat\u00f3 que sufri\u00f3 heridas de car\u00e1cter leve.<\/strong><\/p>\n\n\n\n<p class=\"has-medium-font-size wp-block-paragraph\">La Jefatura Departamental San Salvador emiti\u00f3 un parte policial para informar sobre un accidente de tr\u00e1nsito registrado en las primeras horas de este lunes 31 de agosto, el cual afortunadamente no dej\u00f3 consecuencias personales de gravedad.<\/p>\n\n\n\n<p class=\"has-medium-font-size wp-block-paragraph\">El hecho se produjo a la hora <strong>09:50<\/strong>, momento en el cual personal del <strong>Comando Radioel\u00e9ctrico<\/strong> y de la <strong>Secci\u00f3n Asuntos Judiciales<\/strong> se comision\u00f3 de urgencia hacia <strong>calle Teniente Guti\u00e9rrez, entre Belgrano y Lisandro Castro<\/strong>, alertados a trav\u00e9s de un llamado telef\u00f3nico sobre una colisi\u00f3n entre un veh\u00edculo de mayor porte y un rodado menor.<\/p>\n\n\n\n<h2 class=\"wp-block-heading\"><strong>Los veh\u00edculos involucrados y el traslado<\/strong><\/h2>\n\n\n\n<p class=\"has-medium-font-size wp-block-paragraph\">Al arribar al lugar del hecho, los efectivos constataron que los protagonistas del impacto fueron:<\/p>\n\n\n\n<ul class=\"wp-block-list\">\n<li class=\"has-medium-font-size\">Una <strong>camioneta Toyota Hilux<\/strong>, conducida por un hombre de <strong>45 a\u00f1os<\/strong>, oriundo de nuestra ciudad, que circulaba por calle Teniente Guti\u00e9rrez en direcci\u00f3n de noroeste a sureste.<\/li>\n\n\n\n<li class=\"has-medium-font-size\">Una <strong>motocicleta marca Honda Wave<\/strong>, guiada por una ciudadana de <strong>27 a\u00f1os<\/strong>, tambi\u00e9n residente local, la cual presentaba da\u00f1os materiales m\u00ednimos en su parte frontal.<\/li>\n<\/ul>\n\n\n\n<p class=\"has-medium-font-size wp-block-paragraph\">A ra\u00edz de la colisi\u00f3n, la joven conductora del rodado menor requiri\u00f3 asistencia m\u00e9dica y fue <strong>trasladada en una ambulancia hacia el hospital local<\/strong> para una mejor evaluaci\u00f3n. Posteriormente, tras los ex\u00e1menes de rigor, el <strong>M\u00e9dico Policial<\/strong> en turno inform\u00f3 que las lesiones diagnosticadas en la damnificada fueron de <strong>car\u00e1cter leve<\/strong>.<\/p>\n","protected":false},"excerpt":{"rendered":"<p>El siniestro vial ocurri\u00f3 en la ma\u00f1ana de este lunes en la zona urbana de&#8230;<\/p>\n","protected":false},"author":3,"featured_media":11733,"comment_status":"closed","ping_status":"open","sticky":false,"template":"","format":"standard","meta":{"footnotes":""},"categories":[10],"tags":[],"class_list":["post-11732","post","type-post","status-publish","format-standard","has-post-thumbnail","hentry","category-pol-0"],"featured_image_urls":{"full":["https:\/\/centronoticias.com.ar\/portal\/wp-content\/uploads\/2026\/08\/choque-31.jpeg",1204,1600,false],"thumbnail":["https:\/\/centronoticias.com.ar\/portal\/wp-content\/uploads\/2026\/08\/choque-31-150x150.jpeg",150,150,true],"medium":["https:\/\/centronoticias.com.ar\/portal\/wp-content\/uploads\/2026\/08\/choque-31-226x300.jpeg",226,300,true],"medium_large":["https:\/\/centronoticias.com.ar\/portal\/wp-content\/uploads\/2026\/08\/choque-31-768x1021.jpeg",640,851,true],"large":["https:\/\/centronoticias.com.ar\/portal\/wp-content\/uploads\/2026\/08\/choque-31-771x1024.jpeg",640,850,true],"1536x1536":["https:\/\/centronoticias.com.ar\/portal\/wp-content\/uploads\/2026\/08\/choque-31-1156x1536.jpeg",1156,1536,true],"2048x2048":["https:\/\/centronoticias.com.ar\/portal\/wp-content\/uploads\/2026\/08\/choque-31.jpeg",1204,1600,false],"covernews-slider-full":["https:\/\/centronoticias.com.ar\/portal\/wp-content\/uploads\/2026\/08\/choque-31-1115x715.jpeg",1115,715,true],"covernews-slider-center":["https:\/\/centronoticias.com.ar\/portal\/wp-content\/uploads\/2026\/08\/choque-31-800x500.jpeg",800,500,true],"covernews-featured":["https:\/\/centronoticias.com.ar\/portal\/wp-content\/uploads\/2026\/08\/choque-31-1024x1361.jpeg",1024,1361,true],"covernews-medium":["https:\/\/centronoticias.com.ar\/portal\/wp-content\/uploads\/2026\/08\/choque-31-540x340.jpeg",540,340,true],"covernews-medium-square":["https:\/\/centronoticias.com.ar\/portal\/wp-content\/uploads\/2026\/08\/choque-31-400x250.jpeg",400,250,true]},"author_info":{"info":["Roberto Jourd\u00e1n"]},"category_info":"<a href=\"https:\/\/centronoticias.com.ar\/portal\/category\/pol-0\/\" rel=\"category tag\">Policiales<\/a>","tag_info":"Policiales","comment_count":"0","_links":{"self":[{"href":"https:\/\/centronoticias.com.ar\/portal\/wp-json\/wp\/v2\/posts\/11732","targetHints":{"allow":["GET"]}}],"collection":[{"href":"https:\/\/centronoticias.com.ar\/portal\/wp-json\/wp\/v2\/posts"}],"about":[{"href":"https:\/\/centronoticias.com.ar\/portal\/wp-json\/wp\/v2\/types\/post"}],"author":[{"embeddable":true,"href":"https:\/\/centronoticias.com.ar\/portal\/wp-json\/wp\/v2\/users\/3"}],"replies":[{"embeddable":true,"href":"https:\/\/centronoticias.com.ar\/portal\/wp-json\/wp\/v2\/comments?post=11732"}],"version-history":[{"count":1,"href":"https:\/\/centronoticias.com.ar\/portal\/wp-json\/wp\/v2\/posts\/11732\/revisions"}],"predecessor-version":[{"id":11734,"href":"https:\/\/centronoticias.com.ar\/portal\/wp-json\/wp\/v2\/posts\/11732\/revisions\/11734"}],"wp:featuredmedia":[{"embeddable":true,"href":"https:\/\/centronoticias.com.ar\/portal\/wp-json\/wp\/v2\/media\/11733"}],"wp:attachment":[{"href":"https:\/\/centronoticias.com.ar\/portal\/wp-json\/wp\/v2\/media?parent=11732"}],"wp:term":[{"taxonomy":"category","embeddable":true,"href":"https:\/\/centronoticias.com.ar\/portal\/wp-json\/wp\/v2\/categories?post=11732"},{"taxonomy":"post_tag","embeddable":true,"href":"https:\/\/centronoticias.com.ar\/portal\/wp-json\/wp\/v2\/tags?post=11732"}],"curies":[{"name":"wp","href":"https:\/\/api.w.org\/{rel}","templated":true}]}}