{"id":11729,"date":"2026-08-31T12:20:23","date_gmt":"2026-08-31T15:20:23","guid":{"rendered":"https:\/\/centronoticias.com.ar\/portal\/?p=11729"},"modified":"2026-08-31T12:20:24","modified_gmt":"2026-08-31T15:20:24","slug":"el-gobierno-de-entre-rios-recupero-124-000-hectareas-de-tierras-fiscales-y-genero-nuevos-ingresos-para-la-provincia","status":"publish","type":"post","link":"https:\/\/centronoticias.com.ar\/portal\/el-gobierno-de-entre-rios-recupero-124-000-hectareas-de-tierras-fiscales-y-genero-nuevos-ingresos-para-la-provincia\/","title":{"rendered":"El Gobierno de Entre R\u00edos recuper\u00f3 124.000 hect\u00e1reas de tierras fiscales y gener\u00f3 nuevos ingresos para la provincia"},"content":{"rendered":"\n<p class=\"has-medium-font-size wp-block-paragraph\">El Gobierno de Entre R\u00edos, a partir de una decisi\u00f3n del gobernador Rogelio Frigerio, est\u00e1 recuperando un patrimonio provincial que durante a\u00f1os estuvo parcialmente ocupado sin una adecuada regularizaci\u00f3n, formalizando los usos, generando ingresos para la provincia y avanzando hacia una administraci\u00f3n m\u00e1s transparente y eficiente de las tierras p\u00fablicas.<\/p>\n\n\n\n<p class=\"has-medium-font-size wp-block-paragraph\">Se trata del 65 por ciento del total de la superficie de tierras fiscales de la provincia, cuya ocupaci\u00f3n clandestina o irregular fue debidamente ordenada y regularizada en los \u00faltimos dos a\u00f1os de gesti\u00f3n, a trav\u00e9s de permisos onerosos de uso de suelo, otorgados a trav\u00e9s del programa de Regularizaci\u00f3n de la Ocupaci\u00f3n de las Tierras Fiscales.<\/p>\n\n\n\n<p class=\"has-medium-font-size wp-block-paragraph\">Al asumir la actual gesti\u00f3n de gobierno pr\u00e1cticamente la totalidad de las tierras fiscales se encontraba ocupada en forma irregular o clandestina. No hab\u00eda un control efectivo sobre lo que ocurr\u00eda en ellas, ni tampoco generaban recursos como es de esperar. La gran mayor\u00eda de estas tierras se encuentran en el Delta, principalmente los departamentos Gualeguay y Victoria. La regularizaci\u00f3n lograda supone considerables ingresos para la provincia.<\/p>\n\n\n\n<p class=\"has-medium-font-size wp-block-paragraph\">Actualmente este programa ha sido potenciado por la Agencia Administradora de Bienes de la Provincia de Entre R\u00edos (Aabiper), recientemente creada por el actual gobierno, con la meta de llegar a regularizar y ordenar la totalidad de las tierras fiscales de Entre R\u00edos, a trav\u00e9s de un esquema de gesti\u00f3n destinado a la generaci\u00f3n de valor p\u00fablico y la administraci\u00f3n transparente del patrimonio estatal.<\/p>\n\n\n\n<p class=\"has-medium-font-size wp-block-paragraph\">Todas las l\u00edneas de acci\u00f3n de la Aaabiper, son coordinadas desde la Secretar\u00eda General de la Gobernaci\u00f3n desde donde tambi\u00e9n se acompa\u00f1an todos los avances. Al respecto, Mauricio Colello, destac\u00f3 que &#8220;recuperar 124.000 hect\u00e1reas de tierras fiscales significa recuperar patrimonio que pertenece a todos los entrerrianos. Es parte de una decisi\u00f3n de ordenar el Estado, saber qu\u00e9 bienes tiene, c\u00f3mo se administran y garantizar que est\u00e9n puestos al servicio del desarrollo de la provincia. Durante muchos a\u00f1os hubo falta de control y de informaci\u00f3n; hoy estamos avanzando hacia un Estado que cuida y defiende lo que es de todos&#8221;.<\/p>\n\n\n\n<p class=\"has-medium-font-size wp-block-paragraph\">Por su parte el presidente de la Aabiper, Eduardo Asueta, manifest\u00f3 que &#8220;en estos \u00faltimos dos a\u00f1os el equipo de Tierras Fiscales y de la Unidad de Control de Inmuebles hizo un gran trabajo, y queremos potenciarlo. Para ello se proyect\u00f3 realizar un relevamiento e inventario detallado de las caracter\u00edsticas productivas y del valor locativo de cada uno de los 200 lotes de propiedad provincial. Hoy carecemos de esa informaci\u00f3n y en consecuencia el costo de los permisos de uso se determina por criterios generales que no son del todo precisos y en muchos casos no se ajustan a la realidad, y en conjunto supone un subaprovechamiento de las tierras fiscales&#8221;.<\/p>\n\n\n\n<p class=\"has-medium-font-size wp-block-paragraph\">Y agreg\u00f3: &#8220;Tenemos muy en claro que se trata de propiedad p\u00fablica que debe ser administrada en funci\u00f3n del inter\u00e9s del conjunto de los entrerrianos, y para eso precisamos saber a ciencia cierta el potencial de cada inmueble&#8221;.<\/p>\n\n\n\n<p class=\"has-medium-font-size wp-block-paragraph\">En ese sentido, Asueta sostuvo que &#8220;adem\u00e1s estamos trabajando en un esquema transparente y p\u00fablico de administraci\u00f3n de la propiedad inmueble de la provincia. El objetivo es que cada entrerriano sepa que se hace con cada inmueble de la provincia, y que, adem\u00e1s, todos por igual puedan participar y compulsar en los contratos de uso oneroso del suelo. La transparencia es la garant\u00eda de una administraci\u00f3n sana y saludable&#8221;.<\/p>\n","protected":false},"excerpt":{"rendered":"<p>El Gobierno de Entre R\u00edos, a partir de una decisi\u00f3n del gobernador Rogelio Frigerio, est\u00e1&#8230;<\/p>\n","protected":false},"author":3,"featured_media":11730,"comment_status":"closed","ping_status":"open","sticky":false,"template":"","format":"standard","meta":{"footnotes":""},"categories":[21],"tags":[],"class_list":["post-11729","post","type-post","status-publish","format-standard","has-post-thumbnail","hentry","category-provinciales"],"featured_image_urls":{"full":["https:\/\/centronoticias.com.ar\/portal\/wp-content\/uploads\/2026\/08\/Tierras-fiscales-W1.jpg",1024,683,false],"thumbnail":["https:\/\/centronoticias.com.ar\/portal\/wp-content\/uploads\/2026\/08\/Tierras-fiscales-W1-150x150.jpg",150,150,true],"medium":["https:\/\/centronoticias.com.ar\/portal\/wp-content\/uploads\/2026\/08\/Tierras-fiscales-W1-300x200.jpg",300,200,true],"medium_large":["https:\/\/centronoticias.com.ar\/portal\/wp-content\/uploads\/2026\/08\/Tierras-fiscales-W1-768x512.jpg",640,427,true],"large":["https:\/\/centronoticias.com.ar\/portal\/wp-content\/uploads\/2026\/08\/Tierras-fiscales-W1.jpg",640,427,false],"1536x1536":["https:\/\/centronoticias.com.ar\/portal\/wp-content\/uploads\/2026\/08\/Tierras-fiscales-W1.jpg",1024,683,false],"2048x2048":["https:\/\/centronoticias.com.ar\/portal\/wp-content\/uploads\/2026\/08\/Tierras-fiscales-W1.jpg",1024,683,false],"covernews-slider-full":["https:\/\/centronoticias.com.ar\/portal\/wp-content\/uploads\/2026\/08\/Tierras-fiscales-W1.jpg",1024,683,false],"covernews-slider-center":["https:\/\/centronoticias.com.ar\/portal\/wp-content\/uploads\/2026\/08\/Tierras-fiscales-W1-800x500.jpg",800,500,true],"covernews-featured":["https:\/\/centronoticias.com.ar\/portal\/wp-content\/uploads\/2026\/08\/Tierras-fiscales-W1.jpg",1024,683,false],"covernews-medium":["https:\/\/centronoticias.com.ar\/portal\/wp-content\/uploads\/2026\/08\/Tierras-fiscales-W1-540x340.jpg",540,340,true],"covernews-medium-square":["https:\/\/centronoticias.com.ar\/portal\/wp-content\/uploads\/2026\/08\/Tierras-fiscales-W1-400x250.jpg",400,250,true]},"author_info":{"info":["Roberto Jourd\u00e1n"]},"category_info":"<a href=\"https:\/\/centronoticias.com.ar\/portal\/category\/provinciales\/\" rel=\"category tag\">Provinciales<\/a>","tag_info":"Provinciales","comment_count":"0","_links":{"self":[{"href":"https:\/\/centronoticias.com.ar\/portal\/wp-json\/wp\/v2\/posts\/11729","targetHints":{"allow":["GET"]}}],"collection":[{"href":"https:\/\/centronoticias.com.ar\/portal\/wp-json\/wp\/v2\/posts"}],"about":[{"href":"https:\/\/centronoticias.com.ar\/portal\/wp-json\/wp\/v2\/types\/post"}],"author":[{"embeddable":true,"href":"https:\/\/centronoticias.com.ar\/portal\/wp-json\/wp\/v2\/users\/3"}],"replies":[{"embeddable":true,"href":"https:\/\/centronoticias.com.ar\/portal\/wp-json\/wp\/v2\/comments?post=11729"}],"version-history":[{"count":1,"href":"https:\/\/centronoticias.com.ar\/portal\/wp-json\/wp\/v2\/posts\/11729\/revisions"}],"predecessor-version":[{"id":11731,"href":"https:\/\/centronoticias.com.ar\/portal\/wp-json\/wp\/v2\/posts\/11729\/revisions\/11731"}],"wp:featuredmedia":[{"embeddable":true,"href":"https:\/\/centronoticias.com.ar\/portal\/wp-json\/wp\/v2\/media\/11730"}],"wp:attachment":[{"href":"https:\/\/centronoticias.com.ar\/portal\/wp-json\/wp\/v2\/media?parent=11729"}],"wp:term":[{"taxonomy":"category","embeddable":true,"href":"https:\/\/centronoticias.com.ar\/portal\/wp-json\/wp\/v2\/categories?post=11729"},{"taxonomy":"post_tag","embeddable":true,"href":"https:\/\/centronoticias.com.ar\/portal\/wp-json\/wp\/v2\/tags?post=11729"}],"curies":[{"name":"wp","href":"https:\/\/api.w.org\/{rel}","templated":true}]}}