{"id":11726,"date":"2026-08-30T09:04:00","date_gmt":"2026-08-30T12:04:00","guid":{"rendered":"https:\/\/centronoticias.com.ar\/portal\/?p=11726"},"modified":"2026-08-31T10:43:09","modified_gmt":"2026-08-31T13:43:09","slug":"importantes-allanamientos-en-villaguay-secuestraron-elementos-y-el-vehiculo-vinculados-al-robo-a-un-comerciante","status":"publish","type":"post","link":"https:\/\/centronoticias.com.ar\/portal\/importantes-allanamientos-en-villaguay-secuestraron-elementos-y-el-vehiculo-vinculados-al-robo-a-un-comerciante\/","title":{"rendered":"Importantes allanamientos en Villaguay: secuestraron elementos y el veh\u00edculo vinculados al robo a un comerciante"},"content":{"rendered":"\n<p class=\"has-medium-font-size wp-block-paragraph\"><strong>Tras una minuciosa investigaci\u00f3n de la Divisi\u00f3n Investigaciones e Inteligencia Criminal de la Jefatura Departamental San Salvador, se concretaron tres procedimientos simult\u00e1neos en la vecina ciudad de Villaguay. Secuestraron elementos clave y el auto utilizado en el hecho, quedando los sospechosos identificados y supeditados a la causa.<\/strong><\/p>\n\n\n\n<p class=\"has-medium-font-size wp-block-paragraph\">La Jefatura Departamental San Salvador emiti\u00f3 un parte oficial informando los resultados positivos de una serie de allanamientos realizados en el marco de la causa que investiga un il\u00edcito sufrido d\u00edas atr\u00e1s por un comerciante de nacionalidad oriental.<\/p>\n\n\n\n<p class=\"has-medium-font-size wp-block-paragraph\">Las tareas investigativas estuvieron a cargo del personal de la <strong>Divisi\u00f3n Investigaciones e Inteligencia Criminal<\/strong>, quienes reunieron los elementos probatorios necesarios para que la Unidad Fiscal San Salvador librara las \u00f3rdenes de allanamiento.<\/p>\n\n\n\n<h2 class=\"wp-block-heading\"><strong>Operativo en la vecina ciudad<\/strong><\/h2>\n\n\n\n<p class=\"has-medium-font-size wp-block-paragraph\">Con los mandamientos judiciales, los uniformados se trasladaron a <strong>Villaguay<\/strong>. En colaboraci\u00f3n con la departamental vecina, se desplegaron <strong>tres allanamientos<\/strong> en viviendas de los barrios <strong>La Esperanza y Barrio 60 Viviendas<\/strong>.<\/p>\n\n\n\n<p class=\"has-medium-font-size wp-block-paragraph\">Los procedimientos arrojaron los siguientes resultados:<\/p>\n\n\n\n<ul class=\"wp-block-list\">\n<li class=\"has-medium-font-size\">Se concret\u00f3 el <strong>secuestro de elementos<\/strong> relacionados con el hecho investigado.<\/li>\n\n\n\n<li class=\"has-medium-font-size\">Se incaut\u00f3 el <strong>veh\u00edculo utilizado<\/strong> para movilizarse al cometer el delito.<\/li>\n\n\n\n<li class=\"has-medium-font-size\">Las personas involucradas fueron <strong>debidamente identificadas y quedaron supeditadas<\/strong> a la causa.<\/li>\n<\/ul>\n\n\n\n<h2 class=\"wp-block-heading\"><strong>Reconocimiento policial<\/strong><\/h2>\n\n\n\n<p class=\"has-medium-font-size wp-block-paragraph\">Ante los resultados del operativo, la Jefatura Departamental San Salvador felicit\u00f3 al personal policial interviniente por su compromiso, profesionalismo y celeridad en una investigaci\u00f3n que contin\u00faa su curso bajo las directivas de la Justicia.<\/p>\n","protected":false},"excerpt":{"rendered":"<p>Tras una minuciosa investigaci\u00f3n de la Divisi\u00f3n Investigaciones e Inteligencia Criminal de la Jefatura Departamental&#8230;<\/p>\n","protected":false},"author":3,"featured_media":11727,"comment_status":"closed","ping_status":"open","sticky":false,"template":"","format":"standard","meta":{"footnotes":""},"categories":[10],"tags":[],"class_list":["post-11726","post","type-post","status-publish","format-standard","has-post-thumbnail","hentry","category-pol-0"],"featured_image_urls":{"full":["https:\/\/centronoticias.com.ar\/portal\/wp-content\/uploads\/2026\/08\/allanamiento-villaguay.jpeg",1200,1600,false],"thumbnail":["https:\/\/centronoticias.com.ar\/portal\/wp-content\/uploads\/2026\/08\/allanamiento-villaguay-150x150.jpeg",150,150,true],"medium":["https:\/\/centronoticias.com.ar\/portal\/wp-content\/uploads\/2026\/08\/allanamiento-villaguay-225x300.jpeg",225,300,true],"medium_large":["https:\/\/centronoticias.com.ar\/portal\/wp-content\/uploads\/2026\/08\/allanamiento-villaguay-768x1024.jpeg",640,853,true],"large":["https:\/\/centronoticias.com.ar\/portal\/wp-content\/uploads\/2026\/08\/allanamiento-villaguay-768x1024.jpeg",640,853,true],"1536x1536":["https:\/\/centronoticias.com.ar\/portal\/wp-content\/uploads\/2026\/08\/allanamiento-villaguay-1152x1536.jpeg",1152,1536,true],"2048x2048":["https:\/\/centronoticias.com.ar\/portal\/wp-content\/uploads\/2026\/08\/allanamiento-villaguay.jpeg",1200,1600,false],"covernews-slider-full":["https:\/\/centronoticias.com.ar\/portal\/wp-content\/uploads\/2026\/08\/allanamiento-villaguay-1115x715.jpeg",1115,715,true],"covernews-slider-center":["https:\/\/centronoticias.com.ar\/portal\/wp-content\/uploads\/2026\/08\/allanamiento-villaguay-800x500.jpeg",800,500,true],"covernews-featured":["https:\/\/centronoticias.com.ar\/portal\/wp-content\/uploads\/2026\/08\/allanamiento-villaguay-1024x1365.jpeg",1024,1365,true],"covernews-medium":["https:\/\/centronoticias.com.ar\/portal\/wp-content\/uploads\/2026\/08\/allanamiento-villaguay-540x340.jpeg",540,340,true],"covernews-medium-square":["https:\/\/centronoticias.com.ar\/portal\/wp-content\/uploads\/2026\/08\/allanamiento-villaguay-400x250.jpeg",400,250,true]},"author_info":{"info":["Roberto Jourd\u00e1n"]},"category_info":"<a href=\"https:\/\/centronoticias.com.ar\/portal\/category\/pol-0\/\" rel=\"category tag\">Policiales<\/a>","tag_info":"Policiales","comment_count":"0","_links":{"self":[{"href":"https:\/\/centronoticias.com.ar\/portal\/wp-json\/wp\/v2\/posts\/11726","targetHints":{"allow":["GET"]}}],"collection":[{"href":"https:\/\/centronoticias.com.ar\/portal\/wp-json\/wp\/v2\/posts"}],"about":[{"href":"https:\/\/centronoticias.com.ar\/portal\/wp-json\/wp\/v2\/types\/post"}],"author":[{"embeddable":true,"href":"https:\/\/centronoticias.com.ar\/portal\/wp-json\/wp\/v2\/users\/3"}],"replies":[{"embeddable":true,"href":"https:\/\/centronoticias.com.ar\/portal\/wp-json\/wp\/v2\/comments?post=11726"}],"version-history":[{"count":1,"href":"https:\/\/centronoticias.com.ar\/portal\/wp-json\/wp\/v2\/posts\/11726\/revisions"}],"predecessor-version":[{"id":11728,"href":"https:\/\/centronoticias.com.ar\/portal\/wp-json\/wp\/v2\/posts\/11726\/revisions\/11728"}],"wp:featuredmedia":[{"embeddable":true,"href":"https:\/\/centronoticias.com.ar\/portal\/wp-json\/wp\/v2\/media\/11727"}],"wp:attachment":[{"href":"https:\/\/centronoticias.com.ar\/portal\/wp-json\/wp\/v2\/media?parent=11726"}],"wp:term":[{"taxonomy":"category","embeddable":true,"href":"https:\/\/centronoticias.com.ar\/portal\/wp-json\/wp\/v2\/categories?post=11726"},{"taxonomy":"post_tag","embeddable":true,"href":"https:\/\/centronoticias.com.ar\/portal\/wp-json\/wp\/v2\/tags?post=11726"}],"curies":[{"name":"wp","href":"https:\/\/api.w.org\/{rel}","templated":true}]}}