{"id":11702,"date":"2026-08-30T18:55:47","date_gmt":"2026-08-30T21:55:47","guid":{"rendered":"https:\/\/centronoticias.com.ar\/portal\/?p=11702"},"modified":"2026-08-30T18:55:48","modified_gmt":"2026-08-30T21:55:48","slug":"un-sueno-que-se-viste-de-verde","status":"publish","type":"post","link":"https:\/\/centronoticias.com.ar\/portal\/un-sueno-que-se-viste-de-verde\/","title":{"rendered":"Un sue\u00f1o que se viste de verde"},"content":{"rendered":"\n<p class=\"has-medium-font-size wp-block-paragraph\">El Club Deportivo Ferrocarril se enorgullece en informar que nuestro jugador Erik Morinico form\u00f3 parte de la Selecci\u00f3n de Entre R\u00edos que obtuvo el 3er puesto en el Campeonato Argentino de Infantiles.<\/p>\n\n\n\n<figure class=\"wp-block-image size-large\"><a href=\"https:\/\/centronoticias.com.ar\/portal\/wp-content\/uploads\/2026\/08\/Arik-3.jpeg\"><img decoding=\"async\" width=\"720\" height=\"1094\" src=\"https:\/\/centronoticias.com.ar\/portal\/wp-content\/uploads\/2026\/08\/Arik-3-edited.jpeg\" alt=\"\" class=\"wp-image-11705\" srcset=\"https:\/\/centronoticias.com.ar\/portal\/wp-content\/uploads\/2026\/08\/Arik-3-edited.jpeg 720w, https:\/\/centronoticias.com.ar\/portal\/wp-content\/uploads\/2026\/08\/Arik-3-edited-197x300.jpeg 197w, https:\/\/centronoticias.com.ar\/portal\/wp-content\/uploads\/2026\/08\/Arik-3-edited-674x1024.jpeg 674w\" sizes=\"(max-width: 720px) 100vw, 720px\" \/><\/a><\/figure>\n\n\n\n<p class=\"has-medium-font-size wp-block-paragraph\">Arik represent\u00f3 a nuestra instituci\u00f3n y a la ciudad de San Salvador en la m\u00e1xima competencia nacional de la categor\u00eda, dejando nuestros colores en lo m\u00e1s alto.<\/p>\n\n\n\n<p class=\"has-medium-font-size wp-block-paragraph\">Este logro nos llena de alegr\u00eda y emoci\u00f3n, ya que es fruto del trabajo de nuestro semillero y del crecimiento constante del b\u00e1squet dentro de nuestro club.<\/p>\n\n\n\n<p class=\"has-medium-font-size wp-block-paragraph\">Felicitamos a Arik por este gran paso en su carrera y le deseamos muchos m\u00e1s \u00e9xitos. Gracias por representarnos tan bien.<\/p>\n","protected":false},"excerpt":{"rendered":"<p>El Club Deportivo Ferrocarril se enorgullece en informar que nuestro jugador Erik Morinico form\u00f3 parte&#8230;<\/p>\n","protected":false},"author":3,"featured_media":11703,"comment_status":"closed","ping_status":"open","sticky":false,"template":"","format":"standard","meta":{"footnotes":""},"categories":[6],"tags":[],"class_list":["post-11702","post","type-post","status-publish","format-standard","has-post-thumbnail","hentry","category-dep-0"],"featured_image_urls":{"full":["https:\/\/centronoticias.com.ar\/portal\/wp-content\/uploads\/2026\/08\/Arik-1.jpeg",900,1600,false],"thumbnail":["https:\/\/centronoticias.com.ar\/portal\/wp-content\/uploads\/2026\/08\/Arik-1-150x150.jpeg",150,150,true],"medium":["https:\/\/centronoticias.com.ar\/portal\/wp-content\/uploads\/2026\/08\/Arik-1-169x300.jpeg",169,300,true],"medium_large":["https:\/\/centronoticias.com.ar\/portal\/wp-content\/uploads\/2026\/08\/Arik-1-768x1365.jpeg",640,1138,true],"large":["https:\/\/centronoticias.com.ar\/portal\/wp-content\/uploads\/2026\/08\/Arik-1-576x1024.jpeg",576,1024,true],"1536x1536":["https:\/\/centronoticias.com.ar\/portal\/wp-content\/uploads\/2026\/08\/Arik-1-864x1536.jpeg",864,1536,true],"2048x2048":["https:\/\/centronoticias.com.ar\/portal\/wp-content\/uploads\/2026\/08\/Arik-1.jpeg",900,1600,false],"covernews-slider-full":["https:\/\/centronoticias.com.ar\/portal\/wp-content\/uploads\/2026\/08\/Arik-1-900x715.jpeg",900,715,true],"covernews-slider-center":["https:\/\/centronoticias.com.ar\/portal\/wp-content\/uploads\/2026\/08\/Arik-1-800x500.jpeg",800,500,true],"covernews-featured":["https:\/\/centronoticias.com.ar\/portal\/wp-content\/uploads\/2026\/08\/Arik-1.jpeg",900,1600,false],"covernews-medium":["https:\/\/centronoticias.com.ar\/portal\/wp-content\/uploads\/2026\/08\/Arik-1-540x340.jpeg",540,340,true],"covernews-medium-square":["https:\/\/centronoticias.com.ar\/portal\/wp-content\/uploads\/2026\/08\/Arik-1-400x250.jpeg",400,250,true]},"author_info":{"info":["Roberto Jourd\u00e1n"]},"category_info":"<a href=\"https:\/\/centronoticias.com.ar\/portal\/category\/dep-0\/\" rel=\"category tag\">Deportes<\/a>","tag_info":"Deportes","comment_count":"0","_links":{"self":[{"href":"https:\/\/centronoticias.com.ar\/portal\/wp-json\/wp\/v2\/posts\/11702","targetHints":{"allow":["GET"]}}],"collection":[{"href":"https:\/\/centronoticias.com.ar\/portal\/wp-json\/wp\/v2\/posts"}],"about":[{"href":"https:\/\/centronoticias.com.ar\/portal\/wp-json\/wp\/v2\/types\/post"}],"author":[{"embeddable":true,"href":"https:\/\/centronoticias.com.ar\/portal\/wp-json\/wp\/v2\/users\/3"}],"replies":[{"embeddable":true,"href":"https:\/\/centronoticias.com.ar\/portal\/wp-json\/wp\/v2\/comments?post=11702"}],"version-history":[{"count":1,"href":"https:\/\/centronoticias.com.ar\/portal\/wp-json\/wp\/v2\/posts\/11702\/revisions"}],"predecessor-version":[{"id":11706,"href":"https:\/\/centronoticias.com.ar\/portal\/wp-json\/wp\/v2\/posts\/11702\/revisions\/11706"}],"wp:featuredmedia":[{"embeddable":true,"href":"https:\/\/centronoticias.com.ar\/portal\/wp-json\/wp\/v2\/media\/11703"}],"wp:attachment":[{"href":"https:\/\/centronoticias.com.ar\/portal\/wp-json\/wp\/v2\/media?parent=11702"}],"wp:term":[{"taxonomy":"category","embeddable":true,"href":"https:\/\/centronoticias.com.ar\/portal\/wp-json\/wp\/v2\/categories?post=11702"},{"taxonomy":"post_tag","embeddable":true,"href":"https:\/\/centronoticias.com.ar\/portal\/wp-json\/wp\/v2\/tags?post=11702"}],"curies":[{"name":"wp","href":"https:\/\/api.w.org\/{rel}","templated":true}]}}