{"id":11699,"date":"2026-08-30T18:51:22","date_gmt":"2026-08-30T21:51:22","guid":{"rendered":"https:\/\/centronoticias.com.ar\/portal\/?p=11699"},"modified":"2026-08-30T18:51:23","modified_gmt":"2026-08-30T21:51:23","slug":"enorme-actuacion-de-leo-bouvet-termino-2-o-en-la-general-y-1-o-en-su-categoria-en-los-21k-del-puente-rosario-victoria","status":"publish","type":"post","link":"https:\/\/centronoticias.com.ar\/portal\/enorme-actuacion-de-leo-bouvet-termino-2-o-en-la-general-y-1-o-en-su-categoria-en-los-21k-del-puente-rosario-victoria\/","title":{"rendered":"Enorme actuaci\u00f3n de Leo Bouvet: termin\u00f3 2.\u00ba en la General y 1.\u00ba en su categor\u00eda en los 21K del Puente Rosario &#8211; Victoria"},"content":{"rendered":"\n<p class=\"has-medium-font-size wp-block-paragraph\">Este domingo 30 de agosto se llev\u00f3 a cabo una nueva edici\u00f3n de la tradicional Media Marat\u00f3n (21 km) del Puente Rosario &#8211; Victoria, una competencia que re\u00fane a destacados fondistas de toda la regi\u00f3n y presenta un trazado de alta exigencia sobre la emblem\u00e1tica estructura vial.<\/p>\n\n\n\n<p class=\"has-medium-font-size wp-block-paragraph\">El deportista nacido en San Salvador (Entre Rios) y radicado en Rosario, <strong>Leo Bouvet<\/strong>, complet\u00f3 una faena brillante al cruzar la l\u00ednea de meta en la <strong>segunda posici\u00f3n de la Clasificaci\u00f3n General<\/strong>, un logro de enorme jerarqu\u00eda teniendo en cuenta el nivel de competidores presentes. Adem\u00e1s, con su registro, se adjudic\u00f3 el <strong>primer puesto en su respectiva categor\u00eda<\/strong>.<\/p>\n\n\n\n<p class=\"has-medium-font-size wp-block-paragraph\">Bouvet mantuvo un ritmo firme y competitivo a lo largo del recorrido, revalidando el gran momento deportivo por el que atraviesa y el fruto de un trabajo de preparaci\u00f3n sostenido.<\/p>\n\n\n\n<p class=\"has-medium-font-size wp-block-paragraph\">Desde la redacci\u00f3n de <em>Centro Noticias<\/em> felicitamos a Leo por este nuevo logro que vuelve a poner el nombre de San Salvador en los podios m\u00e1s importantes de la disciplina.<\/p>\n","protected":false},"excerpt":{"rendered":"<p>Este domingo 30 de agosto se llev\u00f3 a cabo una nueva edici\u00f3n de la tradicional&#8230;<\/p>\n","protected":false},"author":3,"featured_media":11700,"comment_status":"closed","ping_status":"open","sticky":false,"template":"","format":"standard","meta":{"footnotes":""},"categories":[6],"tags":[],"class_list":["post-11699","post","type-post","status-publish","format-standard","has-post-thumbnail","hentry","category-dep-0"],"featured_image_urls":{"full":["https:\/\/centronoticias.com.ar\/portal\/wp-content\/uploads\/2026\/08\/Leo-Bouvet.jpg",794,1024,false],"thumbnail":["https:\/\/centronoticias.com.ar\/portal\/wp-content\/uploads\/2026\/08\/Leo-Bouvet-150x150.jpg",150,150,true],"medium":["https:\/\/centronoticias.com.ar\/portal\/wp-content\/uploads\/2026\/08\/Leo-Bouvet-233x300.jpg",233,300,true],"medium_large":["https:\/\/centronoticias.com.ar\/portal\/wp-content\/uploads\/2026\/08\/Leo-Bouvet-768x990.jpg",640,825,true],"large":["https:\/\/centronoticias.com.ar\/portal\/wp-content\/uploads\/2026\/08\/Leo-Bouvet.jpg",640,825,false],"1536x1536":["https:\/\/centronoticias.com.ar\/portal\/wp-content\/uploads\/2026\/08\/Leo-Bouvet.jpg",794,1024,false],"2048x2048":["https:\/\/centronoticias.com.ar\/portal\/wp-content\/uploads\/2026\/08\/Leo-Bouvet.jpg",794,1024,false],"covernews-slider-full":["https:\/\/centronoticias.com.ar\/portal\/wp-content\/uploads\/2026\/08\/Leo-Bouvet-794x715.jpg",794,715,true],"covernews-slider-center":["https:\/\/centronoticias.com.ar\/portal\/wp-content\/uploads\/2026\/08\/Leo-Bouvet-794x500.jpg",794,500,true],"covernews-featured":["https:\/\/centronoticias.com.ar\/portal\/wp-content\/uploads\/2026\/08\/Leo-Bouvet.jpg",794,1024,false],"covernews-medium":["https:\/\/centronoticias.com.ar\/portal\/wp-content\/uploads\/2026\/08\/Leo-Bouvet-540x340.jpg",540,340,true],"covernews-medium-square":["https:\/\/centronoticias.com.ar\/portal\/wp-content\/uploads\/2026\/08\/Leo-Bouvet-400x250.jpg",400,250,true]},"author_info":{"info":["Roberto Jourd\u00e1n"]},"category_info":"<a href=\"https:\/\/centronoticias.com.ar\/portal\/category\/dep-0\/\" rel=\"category tag\">Deportes<\/a>","tag_info":"Deportes","comment_count":"0","_links":{"self":[{"href":"https:\/\/centronoticias.com.ar\/portal\/wp-json\/wp\/v2\/posts\/11699","targetHints":{"allow":["GET"]}}],"collection":[{"href":"https:\/\/centronoticias.com.ar\/portal\/wp-json\/wp\/v2\/posts"}],"about":[{"href":"https:\/\/centronoticias.com.ar\/portal\/wp-json\/wp\/v2\/types\/post"}],"author":[{"embeddable":true,"href":"https:\/\/centronoticias.com.ar\/portal\/wp-json\/wp\/v2\/users\/3"}],"replies":[{"embeddable":true,"href":"https:\/\/centronoticias.com.ar\/portal\/wp-json\/wp\/v2\/comments?post=11699"}],"version-history":[{"count":1,"href":"https:\/\/centronoticias.com.ar\/portal\/wp-json\/wp\/v2\/posts\/11699\/revisions"}],"predecessor-version":[{"id":11701,"href":"https:\/\/centronoticias.com.ar\/portal\/wp-json\/wp\/v2\/posts\/11699\/revisions\/11701"}],"wp:featuredmedia":[{"embeddable":true,"href":"https:\/\/centronoticias.com.ar\/portal\/wp-json\/wp\/v2\/media\/11700"}],"wp:attachment":[{"href":"https:\/\/centronoticias.com.ar\/portal\/wp-json\/wp\/v2\/media?parent=11699"}],"wp:term":[{"taxonomy":"category","embeddable":true,"href":"https:\/\/centronoticias.com.ar\/portal\/wp-json\/wp\/v2\/categories?post=11699"},{"taxonomy":"post_tag","embeddable":true,"href":"https:\/\/centronoticias.com.ar\/portal\/wp-json\/wp\/v2\/tags?post=11699"}],"curies":[{"name":"wp","href":"https:\/\/api.w.org\/{rel}","templated":true}]}}