{"id":11677,"date":"2026-08-30T14:20:41","date_gmt":"2026-08-30T17:20:41","guid":{"rendered":"https:\/\/centronoticias.com.ar\/portal\/?p=11677"},"modified":"2026-08-30T14:20:42","modified_gmt":"2026-08-30T17:20:42","slug":"basquet-campeonato-argentino-infantil-entre-rios-logro-el-tercer-puesto-con-presencia-sansalvadorena","status":"publish","type":"post","link":"https:\/\/centronoticias.com.ar\/portal\/basquet-campeonato-argentino-infantil-entre-rios-logro-el-tercer-puesto-con-presencia-sansalvadorena\/","title":{"rendered":"B\u00c1SQUET | Campeonato Argentino Infantil: Entre Rios logr\u00f3 el tercer puesto con presencia sansalvadore\u00f1a"},"content":{"rendered":"\n<p class=\"has-medium-font-size wp-block-paragraph\">El Seleccionado de Entre R\u00edos cerr\u00f3 una destacada actuaci\u00f3n en el Campeonato Argentino de B\u00e1squet de Infantiles al vencer por 76-58 a la Federaci\u00f3n de B\u00e1squet de C\u00f3rdoba, subi\u00e9ndose al podio del certamen disputado en la ciudad de R\u00edo Tercero.<\/p>\n\n\n\n<p class=\"has-medium-font-size wp-block-paragraph\">El logro provincial cont\u00f3 con un motivo de orgullo local: la presencia en el plantel de <strong>Arik Morinico Quiroga<\/strong>, deportista perteneciente al Club Deportivo Ferrocarril de San Salvador, quien sum\u00f3 su aporte en este camino competitivo nacional.<\/p>\n\n\n\n<figure class=\"wp-block-image size-large\"><a href=\"https:\/\/centronoticias.com.ar\/portal\/wp-content\/uploads\/2026\/08\/ER-INf-scaled.jpg\"><img decoding=\"async\" width=\"1024\" height=\"690\" src=\"https:\/\/centronoticias.com.ar\/portal\/wp-content\/uploads\/2026\/08\/ER-INf-1024x690.jpg\" alt=\"\" class=\"wp-image-11679\" srcset=\"https:\/\/centronoticias.com.ar\/portal\/wp-content\/uploads\/2026\/08\/ER-INf-1024x690.jpg 1024w, https:\/\/centronoticias.com.ar\/portal\/wp-content\/uploads\/2026\/08\/ER-INf-300x202.jpg 300w, https:\/\/centronoticias.com.ar\/portal\/wp-content\/uploads\/2026\/08\/ER-INf-768x518.jpg 768w, https:\/\/centronoticias.com.ar\/portal\/wp-content\/uploads\/2026\/08\/ER-INf-1536x1035.jpg 1536w, https:\/\/centronoticias.com.ar\/portal\/wp-content\/uploads\/2026\/08\/ER-INf-2048x1380.jpg 2048w\" sizes=\"(max-width: 1024px) 100vw, 1024px\" \/><\/a><\/figure>\n\n\n\n<p class=\"has-medium-font-size wp-block-paragraph\">Con este triunfo, el combinado entrerriano concluy\u00f3 su participaci\u00f3n entre los tres mejores equipos del pa\u00eds, reflejando el trabajo del cuerpo t\u00e9cnico y la dedicaci\u00f3n de sus jugadores a lo largo del torneo.<\/p>\n","protected":false},"excerpt":{"rendered":"<p>El Seleccionado de Entre R\u00edos cerr\u00f3 una destacada actuaci\u00f3n en el Campeonato Argentino de B\u00e1squet&#8230;<\/p>\n","protected":false},"author":3,"featured_media":11678,"comment_status":"closed","ping_status":"open","sticky":false,"template":"","format":"standard","meta":{"footnotes":""},"categories":[6],"tags":[],"class_list":["post-11677","post","type-post","status-publish","format-standard","has-post-thumbnail","hentry","category-dep-0"],"featured_image_urls":{"full":["https:\/\/centronoticias.com.ar\/portal\/wp-content\/uploads\/2026\/08\/Arik-Morinico-Quiroga-ER.jpg",590,501,false],"thumbnail":["https:\/\/centronoticias.com.ar\/portal\/wp-content\/uploads\/2026\/08\/Arik-Morinico-Quiroga-ER-150x150.jpg",150,150,true],"medium":["https:\/\/centronoticias.com.ar\/portal\/wp-content\/uploads\/2026\/08\/Arik-Morinico-Quiroga-ER-300x255.jpg",300,255,true],"medium_large":["https:\/\/centronoticias.com.ar\/portal\/wp-content\/uploads\/2026\/08\/Arik-Morinico-Quiroga-ER.jpg",590,501,false],"large":["https:\/\/centronoticias.com.ar\/portal\/wp-content\/uploads\/2026\/08\/Arik-Morinico-Quiroga-ER.jpg",590,501,false],"1536x1536":["https:\/\/centronoticias.com.ar\/portal\/wp-content\/uploads\/2026\/08\/Arik-Morinico-Quiroga-ER.jpg",590,501,false],"2048x2048":["https:\/\/centronoticias.com.ar\/portal\/wp-content\/uploads\/2026\/08\/Arik-Morinico-Quiroga-ER.jpg",590,501,false],"covernews-slider-full":["https:\/\/centronoticias.com.ar\/portal\/wp-content\/uploads\/2026\/08\/Arik-Morinico-Quiroga-ER.jpg",590,501,false],"covernews-slider-center":["https:\/\/centronoticias.com.ar\/portal\/wp-content\/uploads\/2026\/08\/Arik-Morinico-Quiroga-ER.jpg",589,500,false],"covernews-featured":["https:\/\/centronoticias.com.ar\/portal\/wp-content\/uploads\/2026\/08\/Arik-Morinico-Quiroga-ER.jpg",590,501,false],"covernews-medium":["https:\/\/centronoticias.com.ar\/portal\/wp-content\/uploads\/2026\/08\/Arik-Morinico-Quiroga-ER-540x340.jpg",540,340,true],"covernews-medium-square":["https:\/\/centronoticias.com.ar\/portal\/wp-content\/uploads\/2026\/08\/Arik-Morinico-Quiroga-ER-400x250.jpg",400,250,true]},"author_info":{"info":["Roberto Jourd\u00e1n"]},"category_info":"<a href=\"https:\/\/centronoticias.com.ar\/portal\/category\/dep-0\/\" rel=\"category tag\">Deportes<\/a>","tag_info":"Deportes","comment_count":"0","_links":{"self":[{"href":"https:\/\/centronoticias.com.ar\/portal\/wp-json\/wp\/v2\/posts\/11677","targetHints":{"allow":["GET"]}}],"collection":[{"href":"https:\/\/centronoticias.com.ar\/portal\/wp-json\/wp\/v2\/posts"}],"about":[{"href":"https:\/\/centronoticias.com.ar\/portal\/wp-json\/wp\/v2\/types\/post"}],"author":[{"embeddable":true,"href":"https:\/\/centronoticias.com.ar\/portal\/wp-json\/wp\/v2\/users\/3"}],"replies":[{"embeddable":true,"href":"https:\/\/centronoticias.com.ar\/portal\/wp-json\/wp\/v2\/comments?post=11677"}],"version-history":[{"count":1,"href":"https:\/\/centronoticias.com.ar\/portal\/wp-json\/wp\/v2\/posts\/11677\/revisions"}],"predecessor-version":[{"id":11680,"href":"https:\/\/centronoticias.com.ar\/portal\/wp-json\/wp\/v2\/posts\/11677\/revisions\/11680"}],"wp:featuredmedia":[{"embeddable":true,"href":"https:\/\/centronoticias.com.ar\/portal\/wp-json\/wp\/v2\/media\/11678"}],"wp:attachment":[{"href":"https:\/\/centronoticias.com.ar\/portal\/wp-json\/wp\/v2\/media?parent=11677"}],"wp:term":[{"taxonomy":"category","embeddable":true,"href":"https:\/\/centronoticias.com.ar\/portal\/wp-json\/wp\/v2\/categories?post=11677"},{"taxonomy":"post_tag","embeddable":true,"href":"https:\/\/centronoticias.com.ar\/portal\/wp-json\/wp\/v2\/tags?post=11677"}],"curies":[{"name":"wp","href":"https:\/\/api.w.org\/{rel}","templated":true}]}}