{"id":11673,"date":"2026-08-30T14:08:39","date_gmt":"2026-08-30T17:08:39","guid":{"rendered":"https:\/\/centronoticias.com.ar\/portal\/?p=11673"},"modified":"2026-08-30T14:12:29","modified_gmt":"2026-08-30T17:12:29","slug":"trfa-con-priscila-amarillo-como-titular-san-benito-empato-con-adiur-y-se-define-en-rosario","status":"publish","type":"post","link":"https:\/\/centronoticias.com.ar\/portal\/trfa-con-priscila-amarillo-como-titular-san-benito-empato-con-adiur-y-se-define-en-rosario\/","title":{"rendered":"TRFA: Con Priscila Amarillo como titular, San Benito empat\u00f3 con ADIUR y se define en Rosario"},"content":{"rendered":"\n<p class=\"has-medium-font-size wp-block-paragraph\">En el marco del partido de ida del Torneo Regional Federal Amateur de Futbol Femenino, San Benito de Paran\u00e1 y ADIUR de Rosario no lograron sacarse ventajas y firmaron un empate 0-0 este s\u00e1bado 29 de agosto en el predio &#8220;La Capillita&#8221; la capital entrerriana.<\/p>\n\n\n\n<p class=\"has-medium-font-size wp-block-paragraph\">El encuentro tuvo una destacada presencia sansalvadore\u00f1a: la futbolista <strong>Priscila Amarillo<\/strong> salt\u00f3 al campo de juego como titular y se desempe\u00f1\u00f3 como delantera neta en la ofensiva del conjunto de San Benito.<\/p>\n\n\n\n<p class=\"has-medium-font-size wp-block-paragraph\">Con este resultado, la serie qued\u00f3 totalmente abierta para ambos planteles. El pase a la siguiente fase se definir\u00e1 el pr\u00f3ximo fin de semana en territorio santafesino, cuando el equipo entrerriano visite a ADIUR en su superficie de c\u00e9sped sint\u00e9tico.<\/p>\n","protected":false},"excerpt":{"rendered":"<p>En el marco del partido de ida del Torneo Regional Federal Amateur de Futbol Femenino,&#8230;<\/p>\n","protected":false},"author":3,"featured_media":11675,"comment_status":"closed","ping_status":"open","sticky":false,"template":"","format":"standard","meta":{"footnotes":""},"categories":[6],"tags":[],"class_list":["post-11673","post","type-post","status-publish","format-standard","has-post-thumbnail","hentry","category-dep-0"],"featured_image_urls":{"full":["https:\/\/centronoticias.com.ar\/portal\/wp-content\/uploads\/2026\/08\/Priscila-ante-ADIUR.jpg",996,816,false],"thumbnail":["https:\/\/centronoticias.com.ar\/portal\/wp-content\/uploads\/2026\/08\/Priscila-ante-ADIUR-150x150.jpg",150,150,true],"medium":["https:\/\/centronoticias.com.ar\/portal\/wp-content\/uploads\/2026\/08\/Priscila-ante-ADIUR-300x246.jpg",300,246,true],"medium_large":["https:\/\/centronoticias.com.ar\/portal\/wp-content\/uploads\/2026\/08\/Priscila-ante-ADIUR-768x629.jpg",640,524,true],"large":["https:\/\/centronoticias.com.ar\/portal\/wp-content\/uploads\/2026\/08\/Priscila-ante-ADIUR.jpg",640,524,false],"1536x1536":["https:\/\/centronoticias.com.ar\/portal\/wp-content\/uploads\/2026\/08\/Priscila-ante-ADIUR.jpg",996,816,false],"2048x2048":["https:\/\/centronoticias.com.ar\/portal\/wp-content\/uploads\/2026\/08\/Priscila-ante-ADIUR.jpg",996,816,false],"covernews-slider-full":["https:\/\/centronoticias.com.ar\/portal\/wp-content\/uploads\/2026\/08\/Priscila-ante-ADIUR-996x715.jpg",996,715,true],"covernews-slider-center":["https:\/\/centronoticias.com.ar\/portal\/wp-content\/uploads\/2026\/08\/Priscila-ante-ADIUR-800x500.jpg",800,500,true],"covernews-featured":["https:\/\/centronoticias.com.ar\/portal\/wp-content\/uploads\/2026\/08\/Priscila-ante-ADIUR.jpg",996,816,false],"covernews-medium":["https:\/\/centronoticias.com.ar\/portal\/wp-content\/uploads\/2026\/08\/Priscila-ante-ADIUR-540x340.jpg",540,340,true],"covernews-medium-square":["https:\/\/centronoticias.com.ar\/portal\/wp-content\/uploads\/2026\/08\/Priscila-ante-ADIUR-400x250.jpg",400,250,true]},"author_info":{"info":["Roberto Jourd\u00e1n"]},"category_info":"<a href=\"https:\/\/centronoticias.com.ar\/portal\/category\/dep-0\/\" rel=\"category tag\">Deportes<\/a>","tag_info":"Deportes","comment_count":"0","_links":{"self":[{"href":"https:\/\/centronoticias.com.ar\/portal\/wp-json\/wp\/v2\/posts\/11673","targetHints":{"allow":["GET"]}}],"collection":[{"href":"https:\/\/centronoticias.com.ar\/portal\/wp-json\/wp\/v2\/posts"}],"about":[{"href":"https:\/\/centronoticias.com.ar\/portal\/wp-json\/wp\/v2\/types\/post"}],"author":[{"embeddable":true,"href":"https:\/\/centronoticias.com.ar\/portal\/wp-json\/wp\/v2\/users\/3"}],"replies":[{"embeddable":true,"href":"https:\/\/centronoticias.com.ar\/portal\/wp-json\/wp\/v2\/comments?post=11673"}],"version-history":[{"count":2,"href":"https:\/\/centronoticias.com.ar\/portal\/wp-json\/wp\/v2\/posts\/11673\/revisions"}],"predecessor-version":[{"id":11676,"href":"https:\/\/centronoticias.com.ar\/portal\/wp-json\/wp\/v2\/posts\/11673\/revisions\/11676"}],"wp:featuredmedia":[{"embeddable":true,"href":"https:\/\/centronoticias.com.ar\/portal\/wp-json\/wp\/v2\/media\/11675"}],"wp:attachment":[{"href":"https:\/\/centronoticias.com.ar\/portal\/wp-json\/wp\/v2\/media?parent=11673"}],"wp:term":[{"taxonomy":"category","embeddable":true,"href":"https:\/\/centronoticias.com.ar\/portal\/wp-json\/wp\/v2\/categories?post=11673"},{"taxonomy":"post_tag","embeddable":true,"href":"https:\/\/centronoticias.com.ar\/portal\/wp-json\/wp\/v2\/tags?post=11673"}],"curies":[{"name":"wp","href":"https:\/\/api.w.org\/{rel}","templated":true}]}}